{"id":18935,"date":"2025-12-01T14:39:53","date_gmt":"2025-12-01T14:39:53","guid":{"rendered":"https:\/\/fecavem.com\/quina-tipologia-vehicles-trobareu-salo-ocasio\/"},"modified":"2025-12-01T14:43:11","modified_gmt":"2025-12-01T14:43:11","slug":"que-tipologia-vehiculos-encontrareis-salon-ocasion","status":"publish","type":"post","link":"https:\/\/fecavem.com\/es\/que-tipologia-vehiculos-encontrareis-salon-ocasion\/","title":{"rendered":"\u00bfQu\u00e9 tipolog\u00eda de veh\u00edculos encontrar\u00e9is en el Sal\u00f3n Ocasi\u00f3n?"},"content":{"rendered":"\n<h4 class=\"wp-block-heading\">Una amplia oferta de 2.000 coches de menos de 4 a\u00f1os de antig\u00fcedad y con entrega inmediata.<\/h4>\n\n\n\n<p>Organizado por el Gremi del Motor de Barcelona, con el apoyo del Gremio del Motor y de la Patronal Catalana de Distribuci\u00f3n de Automoci\u00f3n (Fecavem), el evento convierte el Palau 8 del recinto de Montju\u00efc en el mayor concesionario de coches de ocasi\u00f3n de Catalunya, por su gran concentraci\u00f3n de oferta.<\/p>\n\n\n\n<p>Con el lema \u201cPesca tu coche\u201d, la 43\u00aa edici\u00f3n de Ocasi\u00f3n ofrece durante los d\u00edas 5 de diciembre a 8 de diciembre, &nbsp;m\u00e1s de 2.000 veh\u00edculos seminuevos con entrega inmediata, procedentes mayoritariamente de quil\u00f3metro cero, gerencia, demostraci\u00f3n, cortes\u00eda, alquiler, leasing o renting.<\/p>\n\n\n\n<p>El equipo comercial de los expositores ofrece soluci\u00f3n de financiaci\u00f3n, la prueba del veh\u00edculo, as\u00ed como su aseguramiento, la extensi\u00f3n de garant\u00eda y perita el veh\u00edculo en su caso entregado a cambio.<\/p>\n\n\n\n<p>Con una antig\u00fcedad preferente entre 0 y 3 a\u00f1os, son coches con un precio medio de referencia aproximado entre 21.200 y 24.700 euros los de gama media y entre 13.000 y 17.000 euros, los utilitarios.<\/p>\n\n\n\n<h2 class=\"wp-block-heading\">Crece el inter\u00e9s por la compra de coches entre 0 y 3 a\u00f1os<\/h2>\n\n\n\n<figure class=\"wp-block-image size-full\"><img loading=\"lazy\" decoding=\"async\" width=\"997\" height=\"367\" src=\"https:\/\/fecavem.com\/wp-content\/uploads\/2025\/12\/image-1.png\" alt=\"\" class=\"wp-image-18928\" srcset=\"https:\/\/fecavem.com\/wp-content\/uploads\/2025\/12\/image-1.png 997w, https:\/\/fecavem.com\/wp-content\/uploads\/2025\/12\/image-1-300x110.png 300w, https:\/\/fecavem.com\/wp-content\/uploads\/2025\/12\/image-1-768x283.png 768w, https:\/\/fecavem.com\/wp-content\/uploads\/2025\/12\/image-1-750x276.png 750w\" sizes=\"auto, (max-width: 997px) 100vw, 997px\" \/><\/figure>\n\n\n\n<p><\/p>\n\n\n\n<p>En la provincia de Barcelona, en los \u00faltimos tres a\u00f1os ha crecido el inter\u00e9s por los coches entre 0 y 3 a\u00f1os. En lo que llevamos, esta franja de edad friega el 25% de la demanda. Muchos compradores optan por esta alternativa de una manera creciente.<\/p>\n\n\n\n<h2 class=\"wp-block-heading\">Veh\u00edculos menos contaminantes<\/h2>\n\n\n\n<p>La nueva normativa medioambiental acecha. El 100% de la oferta del sal\u00f3n dispone, como m\u00ednimo de la etiqueta C, que permite circular sin restricciones por las zonas de bajas emisiones (ZBE). Si bien, la mayor\u00eda de coches en exposici\u00f3n van incorporando al mercado de segunda mano unidades con motorizaciones alternativas m\u00e1s verdes.<\/p>\n\n\n\n<p>En el 2026 entran en vigor las medidas legales anunciadas restricciones en episodios de alta contaminaci\u00f3n&nbsp; por NO2, que afectan a los veh\u00edculos di\u00e9sel con etiqueta B, as\u00ed como las Zonas de Bajas Emisiones para las poblaciones entre 20.000 habitantes y 50.000 habitantes. Para el a\u00f1o 2028, est\u00e1 previsto por decreto de la Generalitat, la circulaci\u00f3n de veh\u00edculos con etiqueta B en las Zonas de Bajas Emisiones de m\u00e1s de 50.000 habitantes.<\/p>\n\n\n\n<h2 class=\"wp-block-heading\">Una excelente opci\u00f3n para prepararse para la nueva movilidad<\/h2>\n\n\n\n<figure class=\"wp-block-image size-large\"><img loading=\"lazy\" decoding=\"async\" width=\"1024\" height=\"743\" src=\"https:\/\/fecavem.com\/wp-content\/uploads\/2025\/12\/image-2-1024x743.png\" alt=\"\" class=\"wp-image-18930\" srcset=\"https:\/\/fecavem.com\/wp-content\/uploads\/2025\/12\/image-2-1024x743.png 1024w, https:\/\/fecavem.com\/wp-content\/uploads\/2025\/12\/image-2-300x218.png 300w, https:\/\/fecavem.com\/wp-content\/uploads\/2025\/12\/image-2-768x558.png 768w, https:\/\/fecavem.com\/wp-content\/uploads\/2025\/12\/image-2-120x86.png 120w, https:\/\/fecavem.com\/wp-content\/uploads\/2025\/12\/image-2-750x544.png 750w, https:\/\/fecavem.com\/wp-content\/uploads\/2025\/12\/image-2.png 1040w\" sizes=\"auto, (max-width: 1024px) 100vw, 1024px\" \/><\/figure>\n\n\n\n<p>Los cambios de h\u00e1bitos de compra en los \u00faltimos 5 a\u00f1os est\u00e1n siendo muy relevantes, como muestra la tabla anterior. Aunque lidera la gasolina, la p\u00e9rdida de relevancia es m\u00e1s que evidente, en favor del hibridaje no enchufable. La presencia del el\u00e9ctrico y el h\u00edbrido enchufable gana terreno y dobla su peso en el mercado, marcando un camino claro para los pr\u00f3ximos a\u00f1os.<\/p>\n\n\n\n<h2 class=\"wp-block-heading\">Garant\u00eda y calidad, los avales de Appl\u00fas y Gremi del Motor<\/h2>\n\n\n\n<p>Los veh\u00edculos expuestos disponen de garant\u00eda del concesionario y han sido revisados por Applus+, una de las compa\u00f1\u00edas l\u00edderes mundiales en inspecci\u00f3n, ensayos y certificaci\u00f3n, como aval de su perfecto estado.<\/p>\n\n\n\n<p>Todos los expositores est\u00e1n asociados al Gremi del Motor y la Movilidad de Barcelona, que forma parte de las patronales del sector de la automoci\u00f3n Fecavem, Faconauto y Ganvam.<\/p>\n\n\n\n<h2 class=\"wp-block-heading\">Gran variedad de marcas y modelos garantizada<\/h2>\n\n\n\n<p>El Sal\u00f3n de Ocasi\u00f3n de Barcelona 2025 cuenta con la participaci\u00f3n de marcas como&nbsp;Seat, Cupra, Das WeltAuto, Renault, Hyundai, Ford, Volvo, Toyota, Peugeot, Citro\u00ebn, Opel, Mercedes, Kia&nbsp;y muchas otras, que presentan una gran oferta de veh\u00edculos seminuevos. Tambi\u00e9n hay una importante presencia de marcas asi\u00e1ticas como&nbsp;BYD, Jaecoo, KGM&nbsp;(antes SsangYong),&nbsp;MG, Nissan, Suzuki y Omoda, adem\u00e1s de marcas de cuadriciclos y el\u00e9ctricas como&nbsp;Silence y E-Miles<\/p>\n\n\n\n<h2 class=\"wp-block-heading\">\u00a1Pesca tu coche!<\/h2>\n\n\n\n<p>Con este atractivo mensaje comercial, el Sal\u00f3n Ocasi\u00f3n se celebra en el Palacio 8 del recinto de Montju\u00efc con acceso por la Plaza de Espa\u00f1a, de 11h a 20h durante los d\u00edas 5 a 8 de diciembre. El precio de la entrada es de 5 euros, y gratuito para los menores de 12 a\u00f1os acompa\u00f1ados.<\/p>\n","protected":false},"excerpt":{"rendered":"<p>Una amplia oferta de 2.000 coches de menos de 4 a\u00f1os de antig\u00fcedad y con entrega inmediata. Organizado por el Gremi del Motor de Barcelona, con el apoyo del Gremio del Motor y de la Patronal Catalana de Distribuci\u00f3n de Automoci\u00f3n (Fecavem), el evento convierte el Palau 8 del recinto de Montju\u00efc en el mayor [&#8230;]<\/p>\n","protected":false},"author":2,"featured_media":18933,"comment_status":"closed","ping_status":"closed","sticky":false,"template":"","format":"standard","meta":{"footnotes":"","_links_to":"","_links_to_target":""},"categories":[117],"tags":[],"class_list":["post-18935","post","type-post","status-publish","format-standard","has-post-thumbnail","hentry","category-salon-ocasion"],"_links":{"self":[{"href":"https:\/\/fecavem.com\/es\/wp-json\/wp\/v2\/posts\/18935","targetHints":{"allow":["GET"]}}],"collection":[{"href":"https:\/\/fecavem.com\/es\/wp-json\/wp\/v2\/posts"}],"about":[{"href":"https:\/\/fecavem.com\/es\/wp-json\/wp\/v2\/types\/post"}],"author":[{"embeddable":true,"href":"https:\/\/fecavem.com\/es\/wp-json\/wp\/v2\/users\/2"}],"replies":[{"embeddable":true,"href":"https:\/\/fecavem.com\/es\/wp-json\/wp\/v2\/comments?post=18935"}],"version-history":[{"count":1,"href":"https:\/\/fecavem.com\/es\/wp-json\/wp\/v2\/posts\/18935\/revisions"}],"predecessor-version":[{"id":18937,"href":"https:\/\/fecavem.com\/es\/wp-json\/wp\/v2\/posts\/18935\/revisions\/18937"}],"wp:featuredmedia":[{"embeddable":true,"href":"https:\/\/fecavem.com\/es\/wp-json\/wp\/v2\/media\/18933"}],"wp:attachment":[{"href":"https:\/\/fecavem.com\/es\/wp-json\/wp\/v2\/media?parent=18935"}],"wp:term":[{"taxonomy":"category","embeddable":true,"href":"https:\/\/fecavem.com\/es\/wp-json\/wp\/v2\/categories?post=18935"},{"taxonomy":"post_tag","embeddable":true,"href":"https:\/\/fecavem.com\/es\/wp-json\/wp\/v2\/tags?post=18935"}],"curies":[{"name":"wp","href":"https:\/\/api.w.org\/{rel}","templated":true}]}}