{"id":18949,"date":"2025-12-01T15:03:36","date_gmt":"2025-12-01T15:03:36","guid":{"rendered":"https:\/\/fecavem.com\/el-gremi-de-tallers-i-lassociacio-dautomocio-lleida-acorden-la-seva-unio\/"},"modified":"2025-12-01T15:03:36","modified_gmt":"2025-12-01T15:03:36","slug":"el-gremi-de-tallers-i-lassociacio-dautomocio-lleida-acorden-la-seva-unio","status":"publish","type":"post","link":"https:\/\/fecavem.com\/es\/el-gremi-de-tallers-i-lassociacio-dautomocio-lleida-acorden-la-seva-unio\/","title":{"rendered":"El Gremi de Tallers i l&#8217;Associaci\u00f3 d&#8217;Automoci\u00f3 Lleida acorden la seva uni\u00f3"},"content":{"rendered":"\n<p>El president de Fecavem i la UPM, Jaume Roura, va assistir el passat 13 de novembre a un acte hist\u00f2ric des de la seu de la Federaci\u00f3 d&#8217;Empresaris Metal\u00b7l\u00fargics de Lleida (FEMEL). Aix\u00ed doncs, es va signar un acord d&#8217;uni\u00f3 dins l&#8217;automoci\u00f3 i la reparaci\u00f3 de vehicles de la prov\u00edncia entre\u00a0<strong>el Gremi de Tallers de Reparaci\u00f3 d&#8217;Autom\u00f2bils i l&#8217;Associaci\u00f3 Provincial d&#8217;Empreses d&#8217;Automoci\u00f3 de Lleida amb el seu president Mario Pinilla al capdavant, per donar impuls a una representaci\u00f3 m\u00e9s forta, cohesionada i preparada per fer front als reptes del futur.<\/strong><\/p>\n\n\n\n<p><strong>Amb aquesta integraci\u00f3, gaireb\u00e9 cinquanta tallers s&#8217;incorporen a l&#8217;Associaci\u00f3 d&#8217;Automoci\u00f3, que ja agrupa m\u00e9s de 500 empreses del sector a la prov\u00edncia<\/strong>. A m\u00e9s a m\u00e9s, la seva adhesi\u00f3 a la Federaci\u00f3 d&#8217;Empresaris Metal\u00b7l\u00fargics de Lleida (FEMEL) consolida una veu \u00fanica per a m\u00e9s de 1.000 empreses del metall de Lleida, amb 20.900 treballadors afiliats en r\u00e8gim general.<\/p>\n\n\n\n<p><strong>El president del Gremi de Tallers, Antoni Esteve,<\/strong>\u00a0va destacar que aquest acord \u201cmarca un abans i un despr\u00e9s per al sector, unint camins i experi\u00e8ncies amb un mateix objectiu: fer cr\u00e9ixer i enfortir el nostre teixit empresarial\u201d. Per part seva, el president de l&#8217;Associaci\u00f3 d&#8217;Automoci\u00f3<strong>, Mario Pinilla, ha remarcat que \u00abara \u00e9s el moment d&#8217;estar units davant els reptes de la transformaci\u00f3 tecnol\u00f2gica, la manca de professionals qualificats i la transici\u00f3 cap a la mobilitat el\u00e8ctrica\u00bb<\/strong>.\u00a0<strong>Per la seva banda, el president de FEMEL, Jordi Rull<\/strong>\u00a0, va posar en valor que \u201camb aquesta firma s&#8217;uneixen forces per crear una representaci\u00f3 empresarial m\u00e9s s\u00f2lida, coherent i preparada per donar resposta als reptes de futur\u201d, subratllant que el sector de l&#8217;automoci\u00f3 a Lleida ocupa m\u00e9s de 5.000 persones i representa el 10% de les empreses del sector a Catalunya.<\/p>\n\n\n\n<p><strong>El nou marc de col\u00b7laboraci\u00f3 posa l&#8217;accent en tres grans eixos de treball:<\/strong>&nbsp;impulsar la formaci\u00f3 i captaci\u00f3 de talent per fer front a l&#8217;escassetat de professionals qualificats i fomentar l&#8217;FP Dual; promoure la innovaci\u00f3, la digitalitzaci\u00f3 i la sostenibilitat com a motors de competitivitat; i refor\u00e7ar la representaci\u00f3 i la influ\u00e8ncia empresarial davant de les administracions i agents socials per defensar els interessos del sector i contribuir al desenvolupament econ\u00f2mic del territori.<\/p>\n\n\n\n<p>El sector de l&#8217;automoci\u00f3 a Lleida dona feina a m\u00e9s de 5.000 persones; m\u00e9s de 500 empreses i m\u00e9s de 1.000 aut\u00f2noms formen part d&#8217;un sector que representa un 10% de les empreses del ram a Catalunya.&nbsp;<strong>A Catalunya, el sector de l&#8217;automoci\u00f3 \u00e9s el tercer sector industrial<\/strong>&nbsp;-despr\u00e9s de l&#8217;alimentari- amb m\u00e9s de 14.730 milions d&#8217;euros de facturaci\u00f3, xifra que representa el 6,5% del PIB, segons l&#8217;\u00faltim estudi sectorial d&#8217;automoci\u00f3 d&#8217;ACCI\u00d3 de 2023.<\/p>\n\n\n\n<p><strong>Segons el darrer informe anual sobre la ind\u00fastria a Catalunya (2023),<\/strong>&nbsp;elaborat per l&#8217;Observatori de la Ind\u00fastria,&nbsp;<strong>el sector de l&#8217;autom\u00f2bil t\u00e9 un pes espec\u00edfic destacat dins de l&#8217;economia catalana, aportant el 7,9% del VAB industrial i el 9,3% de la facturaci\u00f3<\/strong>&nbsp;lleugerament per sobre del conjunt de l&#8217;Estat espanyol.<\/p>\n","protected":false},"excerpt":{"rendered":"<p>El president de Fecavem i la UPM, Jaume Roura, va assistir el passat 13 de novembre a un acte hist\u00f2ric des de la seu de la Federaci\u00f3 d&#8217;Empresaris Metal\u00b7l\u00fargics de Lleida (FEMEL). Aix\u00ed doncs, es va signar un acord d&#8217;uni\u00f3 dins l&#8217;automoci\u00f3 i la reparaci\u00f3 de vehicles de la prov\u00edncia entre\u00a0el Gremi de Tallers de [&#8230;]<\/p>\n","protected":false},"author":2,"featured_media":18950,"comment_status":"closed","ping_status":"closed","sticky":false,"template":"","format":"standard","meta":{"footnotes":"","_links_to":"","_links_to_target":""},"categories":[283],"tags":[],"class_list":["post-18949","post","type-post","status-publish","format-standard","has-post-thumbnail","hentry","category-lleida-es"],"_links":{"self":[{"href":"https:\/\/fecavem.com\/es\/wp-json\/wp\/v2\/posts\/18949","targetHints":{"allow":["GET"]}}],"collection":[{"href":"https:\/\/fecavem.com\/es\/wp-json\/wp\/v2\/posts"}],"about":[{"href":"https:\/\/fecavem.com\/es\/wp-json\/wp\/v2\/types\/post"}],"author":[{"embeddable":true,"href":"https:\/\/fecavem.com\/es\/wp-json\/wp\/v2\/users\/2"}],"replies":[{"embeddable":true,"href":"https:\/\/fecavem.com\/es\/wp-json\/wp\/v2\/comments?post=18949"}],"version-history":[{"count":0,"href":"https:\/\/fecavem.com\/es\/wp-json\/wp\/v2\/posts\/18949\/revisions"}],"wp:featuredmedia":[{"embeddable":true,"href":"https:\/\/fecavem.com\/es\/wp-json\/wp\/v2\/media\/18950"}],"wp:attachment":[{"href":"https:\/\/fecavem.com\/es\/wp-json\/wp\/v2\/media?parent=18949"}],"wp:term":[{"taxonomy":"category","embeddable":true,"href":"https:\/\/fecavem.com\/es\/wp-json\/wp\/v2\/categories?post=18949"},{"taxonomy":"post_tag","embeddable":true,"href":"https:\/\/fecavem.com\/es\/wp-json\/wp\/v2\/tags?post=18949"}],"curies":[{"name":"wp","href":"https:\/\/api.w.org\/{rel}","templated":true}]}}