{"id":18981,"date":"2025-12-08T18:57:53","date_gmt":"2025-12-08T18:57:53","guid":{"rendered":"https:\/\/fecavem.com\/salo-ocasio-supera-1100-vehicles-venuts-rep-15-000-visitants-quatre-dies\/"},"modified":"2025-12-08T19:01:05","modified_gmt":"2025-12-08T19:01:05","slug":"salon-ocasion-supera-1100-vehiculos-vendidos-recibe-15000-visittantes-cuatro-dias","status":"publish","type":"post","link":"https:\/\/fecavem.com\/es\/salon-ocasion-supera-1100-vehiculos-vendidos-recibe-15000-visittantes-cuatro-dias\/","title":{"rendered":"El Sal\u00f3n Ocasi\u00f3n supera los 1.100 veh\u00edculos vendidos y recibe 15.000 visitantes en cuatro d\u00edas"},"content":{"rendered":"\n<p><em>El Gremi del Motor i la Mobilitat de Barcelona celebra la gran acogida de la vuelta de este gran sal\u00f3n y prev\u00e9 aumentar sus ventas finales hasta un 15% con las operaciones todav\u00eda abiertas&nbsp;<\/em><\/p>\n\n\n\n<p><strong>El Sal\u00f3n Ocasi\u00f3n supera los 1.100 veh\u00edculos vendidos y recibe 15.000 visitantes en 4 d\u00edas de celebraci\u00f3n, desde el pasado viernes 5 de diciembre hasta este lunes, 8 de diciembre. De este modo, el Gremi del Motor i la Mobilitat de Barcelona celebra que, como primer a\u00f1o que ha sido organizador propio, ha consolidado un \u00e9xito que crece. El Gremi del Motor tambi\u00e9n prev\u00e9 unas cifras finales de cierre que pueden subir hasta un 15% con operaciones abiertas que pueden concretarse en los pr\u00f3ximos d\u00edas despu\u00e9s del Sal\u00f3n<\/strong><\/p>\n\n\n\n<p><\/p>\n\n\n\n<figure class=\"wp-block-image size-large\"><img loading=\"lazy\" decoding=\"async\" width=\"1024\" height=\"683\" src=\"https:\/\/fecavem.com\/wp-content\/uploads\/2025\/12\/DSC_0494-1024x683.jpg\" alt=\"\" class=\"wp-image-18979\" srcset=\"https:\/\/fecavem.com\/wp-content\/uploads\/2025\/12\/DSC_0494-1024x683.jpg 1024w, https:\/\/fecavem.com\/wp-content\/uploads\/2025\/12\/DSC_0494-300x200.jpg 300w, https:\/\/fecavem.com\/wp-content\/uploads\/2025\/12\/DSC_0494-768x512.jpg 768w, https:\/\/fecavem.com\/wp-content\/uploads\/2025\/12\/DSC_0494-1536x1024.jpg 1536w, https:\/\/fecavem.com\/wp-content\/uploads\/2025\/12\/DSC_0494-2048x1365.jpg 2048w, https:\/\/fecavem.com\/wp-content\/uploads\/2025\/12\/DSC_0494-750x500.jpg 750w, https:\/\/fecavem.com\/wp-content\/uploads\/2025\/12\/DSC_0494-1140x760.jpg 1140w\" sizes=\"auto, (max-width: 1024px) 100vw, 1024px\" \/><\/figure>\n\n\n\n<p><strong><br><\/strong>En total, las ventas de esta edici\u00f3n han reportado un incremento del 10% respecto a las del 2023. Asimismo, se calcula que ha generado un volumen de negocio de 26 millones de euros. La mayor\u00eda de transacciones han sido de turismos de hasta 4 metros, as\u00ed como SUV, todoterrenos a partir de 4,5 metros de largo. A nivel de motorizaciones, los modelos de gasolina han sido los m\u00e1s vendidos, seguido de los h\u00edbridos que han consolidado su presencia en esta nueva edici\u00f3n. Las unidades el\u00e9ctricas 100% poco a poco suponen un mayor n\u00famero de operaciones y en esta edici\u00f3n ya han supuesto el 9% de la oferta total.<br>\u00a0<\/p>\n\n\n\n<p>El presidente del Sal\u00f3n Ocasi\u00f3n y el Gremi del Motor, Jaume Roura Calls, ha asegurado: \u00abNos alegramos de haber correspondido a las expectativas de los expositores en cuanto a ventas cerradas, as\u00ed como por colaborar en la necesaria renovaci\u00f3n del parque m\u00f3vil, pues muchas de las operaciones efectuadas sustituyen un veh\u00edculo por otro m\u00e1s reciente\u201d.<\/p>\n\n\n\n<p>Se calcula que los m\u00e1s de 1.100 veh\u00edculos vendidos representan un volumen de negocio en torno a los 26 millones, dado que el precio medio de los veh\u00edculos expuestos en el sal\u00f3n ha sido de 24.200 euros. Asimismo, tambi\u00e9n se han iniciado muchas operaciones en el marco de Ocasi\u00f3n que se concretar\u00e1n pr\u00f3ximamente en los concesionarios.<\/p>\n\n\n\n<p>Organizado por el Gremi del Motor i la Mobilitat de Barcelona, con el apoyo de la Patronal Catalana de Distribuci\u00f3 d\u2019Automoci\u00f3n (Fecavem), en el marco incomparable del recinto ferial de Montjuic de Fira de Barcelona, el Sal\u00f3n Ocasi\u00f3n ha recibido m\u00e1s de 15.000\u00a0visitantes, un 4% m\u00e1s que en la edici\u00f3n anterior.<\/p>\n\n\n\n<p>El evento ha contado con la participaci\u00f3n de 28 expositores, del sponsor global Caixabank Payments&amp;Consumer, Facilitea Coches y la colaboraci\u00f3n de Coches.net, BBVA Consumer Finance, Coberclick, Applus Automotive y Fira de Barcelona.<\/p>\n\n\n\n<p>La organizaci\u00f3n anunciar\u00e1 durante el primer semestre del a\u00f1o pr\u00f3ximo la fecha y recinto ferial de la edici\u00f3n prevista para el a\u00f1o 2026.<\/p>\n\n\n\n<p><\/p>\n\n\n\n<p><\/p>\n","protected":false},"excerpt":{"rendered":"<p>El Gremi del Motor i la Mobilitat de Barcelona celebra la gran acogida de la vuelta de este gran sal\u00f3n y prev\u00e9 aumentar sus ventas finales hasta un 15% con las operaciones todav\u00eda abiertas&nbsp; El Sal\u00f3n Ocasi\u00f3n supera los 1.100 veh\u00edculos vendidos y recibe 15.000 visitantes en 4 d\u00edas de celebraci\u00f3n, desde el pasado viernes [&#8230;]<\/p>\n","protected":false},"author":2,"featured_media":18982,"comment_status":"closed","ping_status":"closed","sticky":false,"template":"","format":"standard","meta":{"footnotes":"","_links_to":"","_links_to_target":""},"categories":[117],"tags":[],"class_list":["post-18981","post","type-post","status-publish","format-standard","has-post-thumbnail","hentry","category-salon-ocasion"],"_links":{"self":[{"href":"https:\/\/fecavem.com\/es\/wp-json\/wp\/v2\/posts\/18981","targetHints":{"allow":["GET"]}}],"collection":[{"href":"https:\/\/fecavem.com\/es\/wp-json\/wp\/v2\/posts"}],"about":[{"href":"https:\/\/fecavem.com\/es\/wp-json\/wp\/v2\/types\/post"}],"author":[{"embeddable":true,"href":"https:\/\/fecavem.com\/es\/wp-json\/wp\/v2\/users\/2"}],"replies":[{"embeddable":true,"href":"https:\/\/fecavem.com\/es\/wp-json\/wp\/v2\/comments?post=18981"}],"version-history":[{"count":1,"href":"https:\/\/fecavem.com\/es\/wp-json\/wp\/v2\/posts\/18981\/revisions"}],"predecessor-version":[{"id":18985,"href":"https:\/\/fecavem.com\/es\/wp-json\/wp\/v2\/posts\/18981\/revisions\/18985"}],"wp:featuredmedia":[{"embeddable":true,"href":"https:\/\/fecavem.com\/es\/wp-json\/wp\/v2\/media\/18982"}],"wp:attachment":[{"href":"https:\/\/fecavem.com\/es\/wp-json\/wp\/v2\/media?parent=18981"}],"wp:term":[{"taxonomy":"category","embeddable":true,"href":"https:\/\/fecavem.com\/es\/wp-json\/wp\/v2\/categories?post=18981"},{"taxonomy":"post_tag","embeddable":true,"href":"https:\/\/fecavem.com\/es\/wp-json\/wp\/v2\/tags?post=18981"}],"curies":[{"name":"wp","href":"https:\/\/api.w.org\/{rel}","templated":true}]}}