{"id":19630,"date":"2026-03-01T07:29:55","date_gmt":"2026-03-01T07:29:55","guid":{"rendered":"https:\/\/fecavem.com\/despres-exit-any-passat-salo-ocasio-torna-segona-edicio\/"},"modified":"2026-03-01T07:31:52","modified_gmt":"2026-03-01T07:31:52","slug":"despues-exito-ano-pasado-salon-ocasion-vuelve-segunda-edicion","status":"publish","type":"post","link":"https:\/\/fecavem.com\/es\/despues-exito-ano-pasado-salon-ocasion-vuelve-segunda-edicion\/","title":{"rendered":"Despu\u00e9s del \u00e9xito del a\u00f1o pasado del Sal\u00f3n Ocasi\u00f3n, \u00a1vuelve la segunda edici\u00f3n!"},"content":{"rendered":"\n<p>Con una notable participaci\u00f3n de expositores, 1.100 veh\u00edculos vendidos y 15.000 visitantes en 4 d\u00edas de celebraci\u00f3n, la junta de gobierno del Gremio del Motor con la participaci\u00f3n de Fecavem, acuerda sacar adelante la edici\u00f3n 2026.<\/p>\n\n\n\n<p><strong>Como novedades m\u00e1s destacadas destacamos el cambio de fechas trasladando la celebraci\u00f3n durante la segunda quincena de octubre y el traslado a los pabellones 4 y 5 de Gran V\u00eda.<\/strong><\/p>\n\n\n\n<p>El Sal\u00f3n Ocasi\u00f3n es una oportunidad comercial abierta a todos los comerciantes de veh\u00edculos de motor de Catalu\u00f1a vinculados a Fecavem y sus organizaciones provinciales.<\/p>\n\n\n\n<p>A lo largo de este mes <strong>se abrir\u00e1 la comercializaci\u00f3n de espacios y disponemos de espacios disponibles superiores a la edici\u00f3n anterior.<\/strong><\/p>\n\n\n\n<p>Los interesados pueden contactar con el Gremio del Motor, Fecavem y las asociaciones provinciales que la integran por los medios habituales, para valorar participar.<\/p>\n\n\n\n<p>\u00a1Os esperamos! \u00a1No te quedes fuera!<\/p>\n","protected":false},"excerpt":{"rendered":"<p>Con una notable participaci\u00f3n de expositores, 1.100 veh\u00edculos vendidos y 15.000 visitantes en 4 d\u00edas de celebraci\u00f3n, la junta de gobierno del Gremio del Motor con la participaci\u00f3n de Fecavem, acuerda sacar adelante la edici\u00f3n 2026. Como novedades m\u00e1s destacadas destacamos el cambio de fechas trasladando la celebraci\u00f3n durante la segunda quincena de octubre y [&#8230;]<\/p>\n","protected":false},"author":2,"featured_media":19631,"comment_status":"closed","ping_status":"closed","sticky":false,"template":"","format":"standard","meta":{"footnotes":"","_links_to":"","_links_to_target":""},"categories":[117],"tags":[],"class_list":["post-19630","post","type-post","status-publish","format-standard","has-post-thumbnail","hentry","category-salon-ocasion"],"_links":{"self":[{"href":"https:\/\/fecavem.com\/es\/wp-json\/wp\/v2\/posts\/19630","targetHints":{"allow":["GET"]}}],"collection":[{"href":"https:\/\/fecavem.com\/es\/wp-json\/wp\/v2\/posts"}],"about":[{"href":"https:\/\/fecavem.com\/es\/wp-json\/wp\/v2\/types\/post"}],"author":[{"embeddable":true,"href":"https:\/\/fecavem.com\/es\/wp-json\/wp\/v2\/users\/2"}],"replies":[{"embeddable":true,"href":"https:\/\/fecavem.com\/es\/wp-json\/wp\/v2\/comments?post=19630"}],"version-history":[{"count":1,"href":"https:\/\/fecavem.com\/es\/wp-json\/wp\/v2\/posts\/19630\/revisions"}],"predecessor-version":[{"id":19633,"href":"https:\/\/fecavem.com\/es\/wp-json\/wp\/v2\/posts\/19630\/revisions\/19633"}],"wp:featuredmedia":[{"embeddable":true,"href":"https:\/\/fecavem.com\/es\/wp-json\/wp\/v2\/media\/19631"}],"wp:attachment":[{"href":"https:\/\/fecavem.com\/es\/wp-json\/wp\/v2\/media?parent=19630"}],"wp:term":[{"taxonomy":"category","embeddable":true,"href":"https:\/\/fecavem.com\/es\/wp-json\/wp\/v2\/categories?post=19630"},{"taxonomy":"post_tag","embeddable":true,"href":"https:\/\/fecavem.com\/es\/wp-json\/wp\/v2\/tags?post=19630"}],"curies":[{"name":"wp","href":"https:\/\/api.w.org\/{rel}","templated":true}]}}