{"id":20564,"date":"2026-09-01T09:34:59","date_gmt":"2026-09-01T09:34:59","guid":{"rendered":"https:\/\/fecavem.com\/setembre-2026-jaume-roura-renting-guanya-posicions\/"},"modified":"2026-09-01T09:38:29","modified_gmt":"2026-09-01T09:38:29","slug":"septiembre-2026-jaume-roura-renting-gana-posiciones","status":"publish","type":"post","link":"https:\/\/fecavem.com\/es\/septiembre-2026-jaume-roura-renting-gana-posiciones\/","title":{"rendered":"Septiembre 2026 | Jaume Roura: \u00abEl renting gana posiciones\u00bb"},"content":{"rendered":"\n<p class=\"wp-block-paragraph\">Despu\u00e9s de un mes de agosto vacacional, <strong>arrancamos el mes de septiembre con energ\u00eda. Un merecido descanso que nos sirve para volver a poner los marcadores a cero.<\/strong><\/p>\n\n\n\n<p class=\"wp-block-paragraph\">Por un lado, todav\u00eda vemos c\u00f3mo el mundo est\u00e1 muy tensionado<strong>. Europa vive en una incertidumbre permanente. Espa\u00f1a, evidentemente, tambi\u00e9n, y Catalunya es una constante.<\/strong> Tan solo nos ha faltado la invasi\u00f3n en la ciudad de Ceuta para complicarlo m\u00e1s. El mercado de agosto se ha presentado sin novedades y acostumbra a ser de ralent\u00ed.<\/p>\n\n\n\n<p class=\"wp-block-paragraph\">Pero, en t\u00e9rminos generales, vivimos en una inflaci\u00f3n muy preocupante. El precio de los combustibles est\u00e1 muy disparado. El eur\u00edbor tambi\u00e9n. Todo ello no nos ayuda a que el mercado de VN tire. En cuanto al factor precio, los compradores apuestan por los VO de diferentes ofertas. Ahora, habr\u00e1 que estar muy atentos para afrontar los cuatro \u00faltimos meses del a\u00f1o.<\/p>\n\n\n\n<p class=\"wp-block-paragraph\">Por las informaciones que nos llegan, parece que las compras por renting, <strong>est\u00e1n ganando posiciones frente al mercado de retail. O, mejor dicho, de compras de particulares y con financiaciones<\/strong>. Por tanto, esto nos puede perjudicar las previsiones y coberturas de los objetivos de cara al cierre del a\u00f1o.<\/p>\n\n\n\n<p class=\"wp-block-paragraph\">Desde Fecavem trabajaremos para sacar estad\u00edstica de previsiones de mercado, para estar informados puntualmente, de cara a las previsiones.<\/p>\n\n\n\n<p class=\"wp-block-paragraph\">Para terminar, este mes de septiembre acabaremos de preparar el Sal\u00f3n Ocasi\u00f3n de VO, un mercado important\u00edsimo en los momentos actuales, os recuerdo que estar\u00e1 situado en las instalaciones de Fira Gran Via de l&#8217;Hospitalet.<\/p>\n\n\n\n<p class=\"wp-block-paragraph\">\u00c1nimos a todos, que tenemos unos meses de trabajo intenso, que con la ayuda del descanso del mes de agosto afrontaremos con fuerza.<\/p>\n\n\n\n<p class=\"wp-block-paragraph\">Un abrazo y hasta pronto.<\/p>\n\n\n\n<p class=\"wp-block-paragraph\"><strong><em>Jaume Roura i Calls<\/em><\/strong><\/p>\n\n\n\n<p class=\"wp-block-paragraph\"><em><strong>Presidente de Fecavem y el Gremi del Motor<\/strong><\/em><strong><em> i la Mobilitat d<\/em><\/strong><em><strong>e Barcelona<\/strong><\/em><\/p>\n","protected":false},"excerpt":{"rendered":"<p>Despu\u00e9s de un mes de agosto vacacional, arrancamos el mes de septiembre con energ\u00eda. Un merecido descanso que nos sirve para volver a poner los marcadores a cero. Por un lado, todav\u00eda vemos c\u00f3mo el mundo est\u00e1 muy tensionado. Europa vive en una incertidumbre permanente. Espa\u00f1a, evidentemente, tambi\u00e9n, y Catalunya es una constante. Tan solo [&#8230;]<\/p>\n","protected":false},"author":2,"featured_media":20565,"comment_status":"closed","ping_status":"closed","sticky":false,"template":"","format":"standard","meta":{"footnotes":"","_links_to":"","_links_to_target":""},"categories":[96],"tags":[],"class_list":["post-20564","post","type-post","status-publish","format-standard","has-post-thumbnail","hentry","category-jaume-roura-es"],"_links":{"self":[{"href":"https:\/\/fecavem.com\/es\/wp-json\/wp\/v2\/posts\/20564","targetHints":{"allow":["GET"]}}],"collection":[{"href":"https:\/\/fecavem.com\/es\/wp-json\/wp\/v2\/posts"}],"about":[{"href":"https:\/\/fecavem.com\/es\/wp-json\/wp\/v2\/types\/post"}],"author":[{"embeddable":true,"href":"https:\/\/fecavem.com\/es\/wp-json\/wp\/v2\/users\/2"}],"replies":[{"embeddable":true,"href":"https:\/\/fecavem.com\/es\/wp-json\/wp\/v2\/comments?post=20564"}],"version-history":[{"count":2,"href":"https:\/\/fecavem.com\/es\/wp-json\/wp\/v2\/posts\/20564\/revisions"}],"predecessor-version":[{"id":20568,"href":"https:\/\/fecavem.com\/es\/wp-json\/wp\/v2\/posts\/20564\/revisions\/20568"}],"wp:featuredmedia":[{"embeddable":true,"href":"https:\/\/fecavem.com\/es\/wp-json\/wp\/v2\/media\/20565"}],"wp:attachment":[{"href":"https:\/\/fecavem.com\/es\/wp-json\/wp\/v2\/media?parent=20564"}],"wp:term":[{"taxonomy":"category","embeddable":true,"href":"https:\/\/fecavem.com\/es\/wp-json\/wp\/v2\/categories?post=20564"},{"taxonomy":"post_tag","embeddable":true,"href":"https:\/\/fecavem.com\/es\/wp-json\/wp\/v2\/tags?post=20564"}],"curies":[{"name":"wp","href":"https:\/\/api.w.org\/{rel}","templated":true}]}}