{"id":20572,"date":"2026-09-01T09:53:49","date_gmt":"2026-09-01T09:53:49","guid":{"rendered":"https:\/\/fecavem.com\/salo-ocasio-amplia-espai-davant-lallau-demanda-vehicle-segona-ma\/"},"modified":"2026-09-01T10:00:17","modified_gmt":"2026-09-01T10:00:17","slug":"salon-ocasion-amplia-espacio-avalancha-demanda-vehiculo-segunda-mano","status":"publish","type":"post","link":"https:\/\/fecavem.com\/es\/salon-ocasion-amplia-espacio-avalancha-demanda-vehiculo-segunda-mano\/","title":{"rendered":"El Sal\u00f3n Ocasi\u00f3n ampl\u00eda el espacio ante la avalancha de demanda del veh\u00edculo de segunda mano"},"content":{"rendered":"\n<p class=\"wp-block-paragraph\"><em>El sal\u00f3n m\u00e1s importante de VO en Espa\u00f1a se traslada al recinto de de Fira Barcelona a Gran Via de l&#8217;Hospitalet de Llobregat y cambia las fechas del 22 al 26 de octubre<\/em><\/p>\n\n\n\n<p class=\"wp-block-paragraph\">El Gremi del Motor i la Mobilitat de Barcelona reedita su modelo de autogesti\u00f3n del sal\u00f3n y vuelve a repetir la experiencia de la edici\u00f3n anterior de 2025. De esta manera, la entidad y sus empresas asociadas vuelven a organizar la edici\u00f3n de este a\u00f1o prevista del 22 al 26 de octubre. La otra gran novedad es que cambia el espacio y se traslada al recinto de Gran Via en l&#8217;Hospitalet de Llobregat de Fira Barcelona.<strong> Jaume Roura i Calls, presidente del Gremi del Motor y Fecavem: \u00abEn la edici\u00f3n anterior pasaron m\u00e1s de 15.000 visitantes y en los \u00faltimos meses hemos podido confirmar la avalancha en la demanda de VO <\/strong>que nos lleva a ser m\u00e1s ambiciosos y jugar en la primera liga de los grandes salones. Por este motivo y, sumado a las obras de feria en Maria Cristina, nos han hecho concluir que debemos ser ambiciosos y trasladar el sal\u00f3n de VO m\u00e1s antiguo de Espa\u00f1a a recintos donde tambi\u00e9n se celebran los otros grandes eventos de nuestro pa\u00eds como el Mobile World Congress\u00bb.<\/p>\n\n\n\n<p class=\"wp-block-paragraph\">Todas las grandes marcas y los grandes centros de<strong> distribuci\u00f3n de Catalunya se reunir\u00e1n nuevamente durante cuatro d\u00edas para generar un volumen de negocio que supere los 26 millones de euros.<\/strong> \u00abSon cuatro d\u00edas \u00fanicos para encontrar ofertas que solo se pueden ver en el Sal\u00f3n. Pero las redes sociales tambi\u00e9n tendr\u00e1n un papel importante. Por este motivo, reforzamos la apuesta digital previa donde ya se podr\u00e1n exponer ofertas interesantes y, posteriormente, tambi\u00e9n a trav\u00e9s de la interacci\u00f3n de nuestros comerciales con los contactos generados durante el Sal\u00f3n\u00bb, sostiene Roura.<\/p>\n\n\n\n<p class=\"wp-block-paragraph\">Por este motivo, la web <a href=\"http:\/\/www.salonocasion.com\" rel=\"noopener\">www.salonocasion.com<\/a> cobra m\u00e1s importancia que nunca y se vuelve a reforzar una campa\u00f1a de medios de comunicaci\u00f3n y digital que sigue el \u00e9xito reportado el a\u00f1o pasado. \u00abSomos nosotros, mejor que nadie, quienes sabemos c\u00f3mo vender y qu\u00e9 producto tenemos. Damos unas garant\u00edas de venta que no encontrar\u00e1n en otros canales al por mayor\u00bb, a\u00f1ade el presidente de la entidad. Y concluye: \u00abEl VO no es una moda. Vemos c\u00f3mo hemos reconvertido el negocio tradicional y apostamos por veh\u00edculo nuevo, pero dando la misma importancia al de ocasi\u00f3n. Un segunda mano de 2026 es muy diferente al de antes de la pandemia. La mayor\u00eda son de kil\u00f3metro cero, de <strong>stock, matriculados el mismo a\u00f1o actual y con rebajas que pueden llegar al 30% de un VN\u00bb.<\/strong><\/p>\n\n\n\n<p class=\"wp-block-paragraph\">Si vamos a las cifras pasadas m\u00e1s inmediatas, en la edici\u00f3n anterior, la mayor\u00eda de transacciones han sido de turismos de hasta 4 metros, as\u00ed como SUV, todoterreno a partir de 4,5 metros de largo. En el \u00e1mbito de motorizaciones, los modelos de gasolina han sido los m\u00e1s vendidos, seguidos de los h\u00edbridos que han consolidado su presencia en esta nueva edici\u00f3n. Las unidades el\u00e9ctricas 100% poco a poco suponen un n\u00famero m\u00e1s elevado de operaciones y en esta edici\u00f3n ya han supuesto el 9% de la oferta total.<\/p>\n","protected":false},"excerpt":{"rendered":"<p>El sal\u00f3n m\u00e1s importante de VO en Espa\u00f1a se traslada al recinto de de Fira Barcelona a Gran Via de l&#8217;Hospitalet de Llobregat y cambia las fechas del 22 al 26 de octubre El Gremi del Motor i la Mobilitat de Barcelona reedita su modelo de autogesti\u00f3n del sal\u00f3n y vuelve a repetir la experiencia [&#8230;]<\/p>\n","protected":false},"author":2,"featured_media":18982,"comment_status":"closed","ping_status":"closed","sticky":false,"template":"","format":"standard","meta":{"footnotes":"","_links_to":"","_links_to_target":""},"categories":[117],"tags":[],"class_list":["post-20572","post","type-post","status-publish","format-standard","has-post-thumbnail","hentry","category-salon-ocasion"],"_links":{"self":[{"href":"https:\/\/fecavem.com\/es\/wp-json\/wp\/v2\/posts\/20572","targetHints":{"allow":["GET"]}}],"collection":[{"href":"https:\/\/fecavem.com\/es\/wp-json\/wp\/v2\/posts"}],"about":[{"href":"https:\/\/fecavem.com\/es\/wp-json\/wp\/v2\/types\/post"}],"author":[{"embeddable":true,"href":"https:\/\/fecavem.com\/es\/wp-json\/wp\/v2\/users\/2"}],"replies":[{"embeddable":true,"href":"https:\/\/fecavem.com\/es\/wp-json\/wp\/v2\/comments?post=20572"}],"version-history":[{"count":1,"href":"https:\/\/fecavem.com\/es\/wp-json\/wp\/v2\/posts\/20572\/revisions"}],"predecessor-version":[{"id":20575,"href":"https:\/\/fecavem.com\/es\/wp-json\/wp\/v2\/posts\/20572\/revisions\/20575"}],"wp:featuredmedia":[{"embeddable":true,"href":"https:\/\/fecavem.com\/es\/wp-json\/wp\/v2\/media\/18982"}],"wp:attachment":[{"href":"https:\/\/fecavem.com\/es\/wp-json\/wp\/v2\/media?parent=20572"}],"wp:term":[{"taxonomy":"category","embeddable":true,"href":"https:\/\/fecavem.com\/es\/wp-json\/wp\/v2\/categories?post=20572"},{"taxonomy":"post_tag","embeddable":true,"href":"https:\/\/fecavem.com\/es\/wp-json\/wp\/v2\/tags?post=20572"}],"curies":[{"name":"wp","href":"https:\/\/api.w.org\/{rel}","templated":true}]}}