{"id":5332,"date":"2022-07-01T11:01:43","date_gmt":"2022-07-01T11:01:43","guid":{"rendered":"https:\/\/fecavem.com\/juny-ipc-matriculacions-baixa\/"},"modified":"2022-07-28T08:56:59","modified_gmt":"2022-07-28T08:56:59","slug":"junio-ipc-matriculaciones-baja","status":"publish","type":"post","link":"https:\/\/fecavem.com\/es\/junio-ipc-matriculaciones-baja\/","title":{"rendered":"El IPC, el \u00faltimo factor que condiciona las matriculaciones de junio a la baja"},"content":{"rendered":"\n<p>Las ventas de turismos y veh\u00edculos comerciales mantienen la tendencia descendente de meses anteriores, acondicionados por la situaci\u00f3n macroecon\u00f3mica, un IPC desbocado y con los suministros de energ\u00eda por las nubes. La reacci\u00f3n del potencial comprador queda condicionada por la coyuntura general.<\/p>\n\n\n\n<p>El sector sigue atendiendo a los pedidos de compra, con tiempos de espera m\u00e1s largos de los que nos gustar\u00eda, por la dificultad de las marcas de suministrar el producto. El mercado se ha reorientado atendiendo a que los nuevos turismos llegan a los concesionarios con un ritmo mucho menor. Sin embargo, se mantiene el inter\u00e9s por renovar por parte de la ciudadan\u00eda, que en muchos casos opta por el veh\u00edculo de ocasi\u00f3n para evitar los tiempos de espera.<\/p>\n\n\n\n<p>El sector de ambas ruedas evoluciona positivamente en Catalu\u00f1a. L<strong>a motocicleta sube un ligero 0,7% en Catalu\u00f1a, pese a la ca\u00edda de Barcelona del -2,5%, manteniendo una tendencia de crecimiento semestral del 8,4%. El ciclomotor asciende a Barcelona impulsado por la compra de empresas de sharing, este mes en un porcentaje de tres d\u00edgitos, concretamente el 151%.<\/strong><\/p>\n\n\n\n<p>La proyecci\u00f3n por lo que resta de este 2022 es cada vez m\u00e1s incierta. A los factores citados debemos sumarle las subidas de tipos de inter\u00e9s que ha anunciado el BCE. La resoluci\u00f3n de la crisis depender\u00e1 de factores externos, fundamentalmente la invasi\u00f3n de Ucrania, pero tambi\u00e9n de factores internos, como el control del IPC y las decisiones que adopten los poderes p\u00fablicos para reconducir la situaci\u00f3n actual.<\/p>\n\n\n\n<div class=\"wp-block-buttons is-content-justification-center is-layout-flex wp-container-core-buttons-is-layout-16018d1d wp-block-buttons-is-layout-flex\">\n<div class=\"wp-block-button\"><a class=\"wp-block-button__link\" href=\"https:\/\/infogram.com\/mercat-vehicles-cat-1h1749pj38vq6zj?live\" rel=\"noopener\">INFOGRAM DEL MES DE JUNIO, 2022<\/a><\/div>\n<\/div>\n\n\n\n<p><\/p>\n\n\n\n<p><\/p>\n","protected":false},"excerpt":{"rendered":"<p>Las ventas de turismos y veh\u00edculos comerciales mantienen la tendencia descendente de meses anteriores, acondicionados por la situaci\u00f3n macroecon\u00f3mica, un IPC desbocado y con los suministros de energ\u00eda por las nubes. La reacci\u00f3n del potencial comprador queda condicionada por la coyuntura general. El sector sigue atendiendo a los pedidos de compra, con tiempos de espera [&#8230;]<\/p>\n","protected":false},"author":2,"featured_media":5161,"comment_status":"closed","ping_status":"closed","sticky":false,"template":"","format":"standard","meta":{"footnotes":"","_links_to":"","_links_to_target":""},"categories":[90],"tags":[],"class_list":["post-5332","post","type-post","status-publish","format-standard","has-post-thumbnail","hentry","category-matriculaciones"],"_links":{"self":[{"href":"https:\/\/fecavem.com\/es\/wp-json\/wp\/v2\/posts\/5332","targetHints":{"allow":["GET"]}}],"collection":[{"href":"https:\/\/fecavem.com\/es\/wp-json\/wp\/v2\/posts"}],"about":[{"href":"https:\/\/fecavem.com\/es\/wp-json\/wp\/v2\/types\/post"}],"author":[{"embeddable":true,"href":"https:\/\/fecavem.com\/es\/wp-json\/wp\/v2\/users\/2"}],"replies":[{"embeddable":true,"href":"https:\/\/fecavem.com\/es\/wp-json\/wp\/v2\/comments?post=5332"}],"version-history":[{"count":1,"href":"https:\/\/fecavem.com\/es\/wp-json\/wp\/v2\/posts\/5332\/revisions"}],"predecessor-version":[{"id":5367,"href":"https:\/\/fecavem.com\/es\/wp-json\/wp\/v2\/posts\/5332\/revisions\/5367"}],"wp:featuredmedia":[{"embeddable":true,"href":"https:\/\/fecavem.com\/es\/wp-json\/wp\/v2\/media\/5161"}],"wp:attachment":[{"href":"https:\/\/fecavem.com\/es\/wp-json\/wp\/v2\/media?parent=5332"}],"wp:term":[{"taxonomy":"category","embeddable":true,"href":"https:\/\/fecavem.com\/es\/wp-json\/wp\/v2\/categories?post=5332"},{"taxonomy":"post_tag","embeddable":true,"href":"https:\/\/fecavem.com\/es\/wp-json\/wp\/v2\/tags?post=5332"}],"curies":[{"name":"wp","href":"https:\/\/api.w.org\/{rel}","templated":true}]}}