{"id":5335,"date":"2022-06-30T18:49:23","date_gmt":"2022-06-30T18:49:23","guid":{"rendered":"https:\/\/fecavem.com\/dani-ortuno-autortuno-compravenda-servei-vo-automocio\/"},"modified":"2022-07-28T08:58:18","modified_gmt":"2022-07-28T08:58:18","slug":"dani-ortuno-autortuno-compraventa-servicio-vo-automocion","status":"publish","type":"post","link":"https:\/\/fecavem.com\/es\/dani-ortuno-autortuno-compraventa-servicio-vo-automocion\/","title":{"rendered":"Dani Ortu\u00f1o, de Autortu\u00f1o: \u00abNo cerramos las 24 horas y ofrecemos un servicio gratuito adicional\u00bb"},"content":{"rendered":"\n<p><em>La entrevista del InfoGremi del mes de julio la dedicamos a conocer uno de los compraventas m\u00e1s hist\u00f3ricos del Gremio del Motor, Autortu\u00f1o. Esta empresa familiar fue fundada por Jaume Ortu\u00f1o, quien tuvo cuatro hijos. El negocio lo han seguido dos: S\u00edlvia Ortu\u00f1o y Dani Ortu\u00f1o. Precisamente hablamos con \u00e9l, Dani, que est\u00e1 al frente de la gerencia. Con m\u00e1s de 45 a\u00f1os de experiencia, las pautas b\u00e1sicas nunca han cambiado pese a adaptarse a los nuevos tiempos. La atenci\u00f3n con el cliente, la calidad del producto y un servicio proporcional con el precio hace que todav\u00eda vengan clientes de las primeras \u00e9pocas.<\/em><\/p>\n\n\n\n<p><em>Autortu\u00f1o est\u00e1 situado en la Avenida Madrid, n\u00famero 89 de Barcelona. Cuentan con cincuenta veh\u00edculos expuestos, a lo largo de un espacio de 800 metros cuadrados, totalmente revisados y con la garant\u00eda correspondiente. Pero tambi\u00e9n los podr\u00e1 encontrar a trav\u00e9s de su web, <a href=\"http:\/\/www.autortuno.com\/\" rel=\"noopener\">www.autortuno.com<\/a><\/em><\/p>\n\n\n<div class=\"wp-block-image\">\n<figure class=\"aligncenter size-full\"><img loading=\"lazy\" decoding=\"async\" width=\"474\" height=\"354\" src=\"https:\/\/fecavem.com\/wp-content\/uploads\/2022\/06\/autortuno3.jpg\" alt=\"\" class=\"wp-image-4298\" srcset=\"https:\/\/fecavem.com\/wp-content\/uploads\/2022\/06\/autortuno3.jpg 474w, https:\/\/fecavem.com\/wp-content\/uploads\/2022\/06\/autortuno3-300x224.jpg 300w\" sizes=\"auto, (max-width: 474px) 100vw, 474px\" \/><figcaption>Autortu\u00f1o<\/figcaption><\/figure>\n<\/div>\n\n\n<p><strong>La tendencia actual, la crisis de los microchips, las segundas vidas que queremos dar a los aparatos, sea cual sea, \u00bfpone de relieve la importancia del veh\u00edculo de ocasi\u00f3n?<\/strong><\/p>\n\n\n\n<p>Sin lugar a dudas se ha alargado mucho la vida de los veh\u00edculos. Hemos cogido mucho protagonismo en el mundo de la distribuci\u00f3n por varios motivos, pero te destacar\u00eda la desorientaci\u00f3n que lleva el cliente al no saber cu\u00e1l es el coche de futuro a corto plazo. Los cambios en muchas normativas y algunas de ellas pendientes de aprobaci\u00f3n, hace que la persona cuando viene a comprar se pregunte si dentro de dos a\u00f1os ese coche ser\u00e1 el adecuado. Por eso muchas veces se valora el km 0 o de segunda mano. Por otra parte, como bien dec\u00edas con la crisis de microchips derivada de la c\u00f3vida, los tiempos de espera para un coche nuevo pueden ir hasta los nueve meses de retraso y esto favorece al VO con una rotaci\u00f3n destacada.<\/p>\n\n\n<div class=\"wp-block-image\">\n<figure class=\"aligncenter size-full\"><img loading=\"lazy\" decoding=\"async\" width=\"463\" height=\"336\" src=\"https:\/\/fecavem.com\/wp-content\/uploads\/2022\/06\/autortuno2.jpg\" alt=\"\" class=\"wp-image-4300\" srcset=\"https:\/\/fecavem.com\/wp-content\/uploads\/2022\/06\/autortuno2.jpg 463w, https:\/\/fecavem.com\/wp-content\/uploads\/2022\/06\/autortuno2-300x218.jpg 300w, https:\/\/fecavem.com\/wp-content\/uploads\/2022\/06\/autortuno2-120x86.jpg 120w\" sizes=\"auto, (max-width: 463px) 100vw, 463px\" \/><figcaption>Autortu\u00f1o<\/figcaption><\/figure>\n<\/div>\n\n\n<p><strong>Buen momento para el negocio&#8230;<\/strong><\/p>\n\n\n\n<p>S\u00ed y no. Estamos viviendo un momento activo y dulce, pero el problema que tenemos es que nos cuesta encontrar g\u00e9nero. Antes la gente cuando compraba un coche nuevo lo hac\u00eda con una ilusi\u00f3n que sigue existiendo pero la hacen perder con la exigencia de medidas y la falta de concreci\u00f3n. Tratamos de adaptarnos, en definitiva, a las necesidades que nos piden.<\/p>\n\n\n\n<p><strong>\u00bfC\u00f3mo ha cambiado la compraventa en las \u00faltimas d\u00e9cadas?<\/strong><\/p>\n\n\n\n<p>Es evidente que los cambios son muy r\u00e1pidos. Ahora el cliente valora un servicio \u00e1gil e intentamos dar un servicio de venta y asesoramiento 100% completo. Me explico: cubrimos la necesidad de realizar la revisi\u00f3n del veh\u00edculo, pintura, autom\u00e1ticos o larga vida. Un servicio gratuito que nos fideliza al comprador final.<\/p>\n\n\n<div class=\"wp-block-image\">\n<figure class=\"aligncenter size-large\"><img loading=\"lazy\" decoding=\"async\" width=\"768\" height=\"1024\" src=\"https:\/\/fecavem.com\/wp-content\/uploads\/2022\/06\/IMG_6718-768x1024.jpg\" alt=\"\" class=\"wp-image-4296\" srcset=\"https:\/\/fecavem.com\/wp-content\/uploads\/2022\/06\/IMG_6718-768x1024.jpg 768w, https:\/\/fecavem.com\/wp-content\/uploads\/2022\/06\/IMG_6718-225x300.jpg 225w, https:\/\/fecavem.com\/wp-content\/uploads\/2022\/06\/IMG_6718-1152x1536.jpg 1152w, https:\/\/fecavem.com\/wp-content\/uploads\/2022\/06\/IMG_6718-1536x2048.jpg 1536w, https:\/\/fecavem.com\/wp-content\/uploads\/2022\/06\/IMG_6718-750x1000.jpg 750w, https:\/\/fecavem.com\/wp-content\/uploads\/2022\/06\/IMG_6718-1140x1520.jpg 1140w, https:\/\/fecavem.com\/wp-content\/uploads\/2022\/06\/IMG_6718-scaled.jpg 1920w\" sizes=\"auto, (max-width: 768px) 100vw, 768px\" \/><figcaption>Dani Ortu\u00f1o<\/figcaption><\/figure>\n<\/div>\n\n\n<p><strong>Y en la compra de veh\u00edculos que tambi\u00e9n ofrece, \u00bfc\u00f3mo funciona?<\/strong><\/p>\n\n\n\n<p>Nos ofrecemos a desplazarnos al domicilio o hablar con nuestros clientes de forma online sin pausas. Adem\u00e1s, tambi\u00e9n pueden pasarse por nuestras instalaciones a cualquier hora y sin cita previa donde tasamos al momento y damos las m\u00e1ximas facilidades. Con quince minutos nos comprometemos a realizar la gesti\u00f3n. Tambi\u00e9n incorporamos un servicio de whatsapp y mail, aparte de la llamada tradicional, para cualquier petici\u00f3n. Por \u00faltimo, si una persona no puede moverse, nos desplazamos nosotros a su casa. Compramos coches desde hace muchos a\u00f1os y las transacciones online o las tasaciones a domicilio nos han hecho la vida m\u00e1s f\u00e1cil a todos.<\/p>\n\n\n<div class=\"wp-block-image\">\n<figure class=\"aligncenter size-full\"><img loading=\"lazy\" decoding=\"async\" width=\"426\" height=\"409\" src=\"https:\/\/fecavem.com\/wp-content\/uploads\/2022\/06\/autortuno1.jpg\" alt=\"\" class=\"wp-image-4299\" srcset=\"https:\/\/fecavem.com\/wp-content\/uploads\/2022\/06\/autortuno1.jpg 426w, https:\/\/fecavem.com\/wp-content\/uploads\/2022\/06\/autortuno1-300x288.jpg 300w\" sizes=\"auto, (max-width: 426px) 100vw, 426px\" \/><figcaption>Autortu\u00f1o<\/figcaption><\/figure>\n<\/div>\n\n\n<p><strong>\u00bfQu\u00e9 coches podemos encontrar en Autortu\u00f1o?<\/strong><\/p>\n\n\n\n<p>Te dir\u00eda que nuestra oferta cubre cualquier tipo de necesidad. El coche alem\u00e1n y japon\u00e9s son los que tienen mayor prestigio en t\u00e9rminos de fiabilidad o percepci\u00f3n. Tambi\u00e9n hay otras marcas que premian por su dise\u00f1o como Volvo y Jaguar. En definitiva, \u00a1venid y mirad!<\/p>\n\n\n\n<p><strong>As\u00ed lo haremos. Por \u00faltimo y ligados a la actualidad m\u00e1s inmediata. \u00bfHa reforzado su seguridad para este verano? Los Mossos nos informan de que los robos por empotramiento en puntos de venta como centros de distribuci\u00f3n o joyer\u00edas pueden estar en el&#8230;<\/strong><\/p>\n\n\n\n<p>S\u00ed, hemos puesto mayor seguridad incrementando las c\u00e1maras y horas de grabaci\u00f3n. Tambi\u00e9n hemos establecido nuevos protocolos con el uso de las claves y el blindaje del espacio.<\/p>\n","protected":false},"excerpt":{"rendered":"<p>La entrevista del InfoGremi del mes de julio la dedicamos a conocer uno de los compraventas m\u00e1s hist\u00f3ricos del Gremio del Motor, Autortu\u00f1o. Esta empresa familiar fue fundada por Jaume Ortu\u00f1o, quien tuvo cuatro hijos. El negocio lo han seguido dos: S\u00edlvia Ortu\u00f1o y Dani Ortu\u00f1o. Precisamente hablamos con \u00e9l, Dani, que est\u00e1 al frente [&#8230;]<\/p>\n","protected":false},"author":2,"featured_media":5117,"comment_status":"closed","ping_status":"closed","sticky":false,"template":"","format":"standard","meta":{"footnotes":"","_links_to":"","_links_to_target":""},"categories":[91],"tags":[],"class_list":["post-5335","post","type-post","status-publish","format-standard","has-post-thumbnail","hentry","category-gremi-del-motor-es"],"_links":{"self":[{"href":"https:\/\/fecavem.com\/es\/wp-json\/wp\/v2\/posts\/5335","targetHints":{"allow":["GET"]}}],"collection":[{"href":"https:\/\/fecavem.com\/es\/wp-json\/wp\/v2\/posts"}],"about":[{"href":"https:\/\/fecavem.com\/es\/wp-json\/wp\/v2\/types\/post"}],"author":[{"embeddable":true,"href":"https:\/\/fecavem.com\/es\/wp-json\/wp\/v2\/users\/2"}],"replies":[{"embeddable":true,"href":"https:\/\/fecavem.com\/es\/wp-json\/wp\/v2\/comments?post=5335"}],"version-history":[{"count":3,"href":"https:\/\/fecavem.com\/es\/wp-json\/wp\/v2\/posts\/5335\/revisions"}],"predecessor-version":[{"id":6594,"href":"https:\/\/fecavem.com\/es\/wp-json\/wp\/v2\/posts\/5335\/revisions\/6594"}],"wp:featuredmedia":[{"embeddable":true,"href":"https:\/\/fecavem.com\/es\/wp-json\/wp\/v2\/media\/5117"}],"wp:attachment":[{"href":"https:\/\/fecavem.com\/es\/wp-json\/wp\/v2\/media?parent=5335"}],"wp:term":[{"taxonomy":"category","embeddable":true,"href":"https:\/\/fecavem.com\/es\/wp-json\/wp\/v2\/categories?post=5335"},{"taxonomy":"post_tag","embeddable":true,"href":"https:\/\/fecavem.com\/es\/wp-json\/wp\/v2\/tags?post=5335"}],"curies":[{"name":"wp","href":"https:\/\/api.w.org\/{rel}","templated":true}]}}