{"id":5401,"date":"2022-05-12T07:52:16","date_gmt":"2022-05-12T07:52:16","guid":{"rendered":"https:\/\/fecavem.com\/workshop-compra-facil-bbva-ald-vo-vehicle-ocasio\/"},"modified":"2022-07-28T10:06:04","modified_gmt":"2022-07-28T10:06:04","slug":"workshop-compra-facil-bbva-ald-vo-vehiculo-ocasion","status":"publish","type":"post","link":"https:\/\/fecavem.com\/es\/workshop-compra-facil-bbva-ald-vo-vehiculo-ocasion\/","title":{"rendered":"Workshop #CompraFacilFecavem"},"content":{"rendered":"\n<p><strong>Esta semana, hemos lanzado un nuevo workshop abierto a todos vosotros centrados en el nuevo acuerdo de colaboraci\u00f3n #CompraF\u00e0cilFecavem. Una iniciativa que nuestra patronal ha cerrado con BBVA y ALD.<\/strong><br><br>Centrados en el nuevo marco colaborativo con BBVA, queremos ofrecer un workshop en formato webinar a todos nuestros asociados y asociadas para poder conocer mejor esta herramienta que est\u00e1 al alcance de todos nuestros concesionarios y compraventa.<br><br>Es una evidencia de que los profesionales del motor afrontan el reto de potenciar el departamento de ocasi\u00f3n. Un aspecto clave por eso es el aprovisionamiento de veh\u00edculos para la venta. El mercado ha cambiado, se ha concentrado en grandes gestores de flotas y han aparecido modelos de negocio alternativos.<br>En respuesta a la nueva realidad, FECAVEM y las asociaciones que la integran, ALD AUTOMOTIVE y BBVA CONSUMER FINANCE proponen su soluci\u00f3n ALL IN ONE. Para saber todo de este nuevo canal de comunicaci\u00f3n, ofrecemos un taller informativo en el que se presentar\u00e1n casos pr\u00e1cticos y se analizar\u00e1 los beneficios de \u00e9sta a trav\u00e9s de especialistas financieros y automovil\u00edsticos en una sesi\u00f3n informativa 100% gratuita.<br><\/p>\n\n\n\n<p><strong><mark style=\"background-color:rgba(0, 0, 0, 0)\" class=\"has-inline-color has-vivid-red-color\">Conoce a los ponentes<\/mark><\/strong><br><br><strong>Javier Ochoa, Director de Remarketing ALD Automotive<\/strong><br>C\u00f3mo enfocar desde una terminal externa el VO con los puntos de distribuci\u00f3n<br><br><strong>Oriol Pros, Director Auto Barcelona BBVA Consumer Finance<\/strong><br>C\u00f3mo puede ayudar la financiera en el acuerdo alcanzado con Fecavem<br><br><strong>Daniel Ortu\u00f1o, Empresario y Gerente de Autortu\u00f1o SL<\/strong><br>\u00bfQu\u00e9 beneficios tiene para el multimarca<br><br><strong>Jos\u00e9 Luis Pesado, Director de Webycar<\/strong><br>Qu\u00e9 relaci\u00f3n puede establecerse desde un punto VO con los nuevos actores<br><br><strong><mark style=\"background-color:rgba(0, 0, 0, 0)\" class=\"has-inline-color has-vivid-red-color\">Coordenadas<\/mark><\/strong><br>Jueves 19 de mayo<br>De 9-10h, formado de una hora con turno de preguntas y respuestas<br>Formato: online<br><br><strong><mark style=\"background-color:rgba(0, 0, 0, 0)\" class=\"has-inline-color has-vivid-red-color\">Programa<\/mark><\/strong><br>\u00bfC\u00f3mo sacar partido del programa ALD Car para la compra de veh\u00edculos?<br>\u00bfCu\u00e1l es la soluci\u00f3n de financiaci\u00f3n de BBVA Consumer Finance?<br>El papel de Fecavem y sus asociaciones y el punto de vista del profesional del motor<br>Resoluci\u00f3n de dudas<br><\/p>\n\n\n\n<div class=\"wp-block-buttons is-content-justification-center is-layout-flex wp-container-core-buttons-is-layout-16018d1d wp-block-buttons-is-layout-flex\">\n<div class=\"wp-block-button\"><a class=\"wp-block-button__link\">INSCR\u00cdBETE A LA SESI\u00d3N<\/a><\/div>\n<\/div>\n\n\n\n<p><br><em>Consideramos indispensable contar con todos vosotros para abrir un debate de preguntas y respuestas y conseguir la mayor participaci\u00f3n posible entre todos nosotros.<\/em><\/p>\n","protected":false},"excerpt":{"rendered":"<p>Esta semana, hemos lanzado un nuevo workshop abierto a todos vosotros centrados en el nuevo acuerdo de colaboraci\u00f3n #CompraF\u00e0cilFecavem. Una iniciativa que nuestra patronal ha cerrado con BBVA y ALD. Centrados en el nuevo marco colaborativo con BBVA, queremos ofrecer un workshop en formato webinar a todos nuestros asociados y asociadas para poder conocer mejor [&#8230;]<\/p>\n","protected":false},"author":2,"featured_media":5050,"comment_status":"closed","ping_status":"closed","sticky":false,"template":"","format":"standard","meta":{"footnotes":"","_links_to":"","_links_to_target":""},"categories":[93],"tags":[],"class_list":["post-5401","post","type-post","status-publish","format-standard","has-post-thumbnail","hentry","category-movilidad"],"_links":{"self":[{"href":"https:\/\/fecavem.com\/es\/wp-json\/wp\/v2\/posts\/5401","targetHints":{"allow":["GET"]}}],"collection":[{"href":"https:\/\/fecavem.com\/es\/wp-json\/wp\/v2\/posts"}],"about":[{"href":"https:\/\/fecavem.com\/es\/wp-json\/wp\/v2\/types\/post"}],"author":[{"embeddable":true,"href":"https:\/\/fecavem.com\/es\/wp-json\/wp\/v2\/users\/2"}],"replies":[{"embeddable":true,"href":"https:\/\/fecavem.com\/es\/wp-json\/wp\/v2\/comments?post=5401"}],"version-history":[{"count":2,"href":"https:\/\/fecavem.com\/es\/wp-json\/wp\/v2\/posts\/5401\/revisions"}],"predecessor-version":[{"id":5436,"href":"https:\/\/fecavem.com\/es\/wp-json\/wp\/v2\/posts\/5401\/revisions\/5436"}],"wp:featuredmedia":[{"embeddable":true,"href":"https:\/\/fecavem.com\/es\/wp-json\/wp\/v2\/media\/5050"}],"wp:attachment":[{"href":"https:\/\/fecavem.com\/es\/wp-json\/wp\/v2\/media?parent=5401"}],"wp:term":[{"taxonomy":"category","embeddable":true,"href":"https:\/\/fecavem.com\/es\/wp-json\/wp\/v2\/categories?post=5401"},{"taxonomy":"post_tag","embeddable":true,"href":"https:\/\/fecavem.com\/es\/wp-json\/wp\/v2\/tags?post=5401"}],"curies":[{"name":"wp","href":"https:\/\/api.w.org\/{rel}","templated":true}]}}