{"id":5426,"date":"2022-04-30T14:44:53","date_gmt":"2022-04-30T14:44:53","guid":{"rendered":"https:\/\/fecavem.com\/dol-mort-josep-pruna-arquer\/"},"modified":"2022-07-28T10:13:18","modified_gmt":"2022-07-28T10:13:18","slug":"duelo-muerte-josep-pruna-arquer","status":"publish","type":"post","link":"https:\/\/fecavem.com\/es\/duelo-muerte-josep-pruna-arquer\/","title":{"rendered":"Fecavem est\u00e1 de luto: lamentamos la muerte de Josep Pruna Arquer"},"content":{"rendered":"\n<p>El pasado 21 de abril de 2022, nos dej\u00f3 Josep Pruna Arquer, uno de los referentes de la automoci\u00f3n catalana y muy especialmente del Vall\u00e8s Oriental. <\/p>\n\n\n\n<figure class=\"wp-block-image size-large\"><img loading=\"lazy\" decoding=\"async\" width=\"785\" height=\"1024\" src=\"https:\/\/fecavem.com\/wp-content\/uploads\/2022\/05\/5a1ac52b-b989-4eac-80c1-3a42df992c08-1-785x1024.jpg\" alt=\"\" class=\"wp-image-3971\" srcset=\"https:\/\/fecavem.com\/wp-content\/uploads\/2022\/05\/5a1ac52b-b989-4eac-80c1-3a42df992c08-1-785x1024.jpg 785w, https:\/\/fecavem.com\/wp-content\/uploads\/2022\/05\/5a1ac52b-b989-4eac-80c1-3a42df992c08-1-230x300.jpg 230w, https:\/\/fecavem.com\/wp-content\/uploads\/2022\/05\/5a1ac52b-b989-4eac-80c1-3a42df992c08-1-768x1002.jpg 768w, https:\/\/fecavem.com\/wp-content\/uploads\/2022\/05\/5a1ac52b-b989-4eac-80c1-3a42df992c08-1-1177x1536.jpg 1177w, https:\/\/fecavem.com\/wp-content\/uploads\/2022\/05\/5a1ac52b-b989-4eac-80c1-3a42df992c08-1-750x979.jpg 750w, https:\/\/fecavem.com\/wp-content\/uploads\/2022\/05\/5a1ac52b-b989-4eac-80c1-3a42df992c08-1-1140x1488.jpg 1140w, https:\/\/fecavem.com\/wp-content\/uploads\/2022\/05\/5a1ac52b-b989-4eac-80c1-3a42df992c08-1.jpg 1226w\" sizes=\"auto, (max-width: 785px) 100vw, 785px\" \/><\/figure>\n\n\n\n<p>Desde Fecavem y el Gremio del Motor queremos trasladar nuestro p\u00e9same a su familia y muy especialmente a su esposa, Maria Isabel Dom\u00ednguez.<\/p>\n\n\n\n<p>Hemos encontrado adecuado recordar la trayectoria del se\u00f1or Pruna a trav\u00e9s de un art\u00edculo que nos ha cedido Ramon Vilageliu, editor de la revista de referencia <a href=\"https:\/\/vallesos.cat\/\" rel=\"noopener\"><strong>Vallesos<\/strong><\/a>, revista semestral que trata de forma atractiva y divulgativa, la gran riqueza patrimonial que tiene el Vall\u00e8s. <\/p>\n\n\n\n<div data-wp-interactive=\"core\/file\" class=\"wp-block-file\"><object data-wp-bind--hidden=\"!state.hasPdfPreview\" hidden class=\"wp-block-file__embed\" data=\"https:\/\/fecavem.com\/wp-content\/uploads\/2022\/04\/pruna.pdf\" type=\"application\/pdf\" style=\"width:100%;height:600px\" aria-label=\"Incrustado de Incrustado de pruna..\"><\/object><a id=\"wp-block-file--media-e0bcd878-60ab-4123-86bf-389a45b4d5ac\" href=\"https:\/\/fecavem.com\/wp-content\/uploads\/2022\/04\/pruna.pdf\">pruna<\/a><a href=\"https:\/\/fecavem.com\/wp-content\/uploads\/2022\/04\/pruna.pdf\" class=\"wp-block-file__button\" download=\"\" aria-describedby=\"wp-block-file--media-e0bcd878-60ab-4123-86bf-389a45b4d5ac\">Descarga<\/a><\/div>\n","protected":false},"excerpt":{"rendered":"<p>El pasado 21 de abril de 2022, nos dej\u00f3 Josep Pruna Arquer, uno de los referentes de la automoci\u00f3n catalana y muy especialmente del Vall\u00e8s Oriental. Desde Fecavem y el Gremio del Motor queremos trasladar nuestro p\u00e9same a su familia y muy especialmente a su esposa, Maria Isabel Dom\u00ednguez. Hemos encontrado adecuado recordar la trayectoria [&#8230;]<\/p>\n","protected":false},"author":2,"featured_media":5033,"comment_status":"closed","ping_status":"closed","sticky":false,"template":"","format":"standard","meta":{"footnotes":"","_links_to":"","_links_to_target":""},"categories":[91],"tags":[],"class_list":["post-5426","post","type-post","status-publish","format-standard","has-post-thumbnail","hentry","category-gremi-del-motor-es"],"_links":{"self":[{"href":"https:\/\/fecavem.com\/es\/wp-json\/wp\/v2\/posts\/5426","targetHints":{"allow":["GET"]}}],"collection":[{"href":"https:\/\/fecavem.com\/es\/wp-json\/wp\/v2\/posts"}],"about":[{"href":"https:\/\/fecavem.com\/es\/wp-json\/wp\/v2\/types\/post"}],"author":[{"embeddable":true,"href":"https:\/\/fecavem.com\/es\/wp-json\/wp\/v2\/users\/2"}],"replies":[{"embeddable":true,"href":"https:\/\/fecavem.com\/es\/wp-json\/wp\/v2\/comments?post=5426"}],"version-history":[{"count":3,"href":"https:\/\/fecavem.com\/es\/wp-json\/wp\/v2\/posts\/5426\/revisions"}],"predecessor-version":[{"id":6609,"href":"https:\/\/fecavem.com\/es\/wp-json\/wp\/v2\/posts\/5426\/revisions\/6609"}],"wp:featuredmedia":[{"embeddable":true,"href":"https:\/\/fecavem.com\/es\/wp-json\/wp\/v2\/media\/5033"}],"wp:attachment":[{"href":"https:\/\/fecavem.com\/es\/wp-json\/wp\/v2\/media?parent=5426"}],"wp:term":[{"taxonomy":"category","embeddable":true,"href":"https:\/\/fecavem.com\/es\/wp-json\/wp\/v2\/categories?post=5426"},{"taxonomy":"post_tag","embeddable":true,"href":"https:\/\/fecavem.com\/es\/wp-json\/wp\/v2\/tags?post=5426"}],"curies":[{"name":"wp","href":"https:\/\/api.w.org\/{rel}","templated":true}]}}