{"id":5484,"date":"2022-03-25T17:06:57","date_gmt":"2022-03-25T17:06:57","guid":{"rendered":"https:\/\/fecavem.com\/automobile-talks-girona-bbva\/"},"modified":"2022-07-28T10:34:32","modified_gmt":"2022-07-28T10:34:32","slug":"automobile-talks-girona-bbva","status":"publish","type":"post","link":"https:\/\/fecavem.com\/es\/automobile-talks-girona-bbva\/","title":{"rendered":"\u00a1Nuevo Automobile Talks de mayo desde Girona!"},"content":{"rendered":"\n<figure class=\"wp-block-table\"><table><tbody><tr><td><strong>Fecavem celebra el tercer Automobile Talks de este 2022. En este caso, nos trasladamos hasta Girona para impulsar la distribuci\u00f3n de automoci\u00f3n por toda Catalu\u00f1a. Consideramos que es muy importante abordar los temas que, a efectos del sector del autom\u00f3vil, es necesario tener en cuenta desde diferentes perspectivas.<\/strong><br><br>En las comarcas de Girona,&nbsp;la movilidad cuenta con aspectos bien diferenciados&nbsp;en las grandes ciudades y las necesidades &nbsp;pueden ser diferentes seg\u00fan el entorno, la actividad sociocultural, los tipos de desplazamientos, la alternativa del servicio p\u00fablico, la dispersi\u00f3n geogr\u00e1fica, entre otros.&nbsp;Por todo ello nos preguntamos: se tendr\u00e1 que desarrollar un &nbsp;modelo de movilidad diferente? &nbsp;<br><br><strong>Conozco a los ponentes<\/strong><br><br><strong>Bienvenida a cargo del Presidente de CORVE, Jordi Sol\u00e0<\/strong><br><img loading=\"lazy\" decoding=\"async\" height=\"69\" width=\"50\" src=\"https:\/\/mcusercontent.com\/1bc9eb94b767a3034de16a293\/images\/b046b4fb-1fb9-e729-5fa8-fb9d3a7057c9.jpg\"><br><br><strong>Primera ponencia a cargo de&nbsp;Joan Malagelada, Presidente de Esade Automotive Alumni<\/strong><br><img loading=\"lazy\" decoding=\"async\" height=\"69\" width=\"50\" src=\"https:\/\/mcusercontent.com\/1bc9eb94b767a3034de16a293\/images\/26655440-7f4d-8729-d42d-0ac159fdae48.jpg\"><br><br><strong>Segunda ponencia a cargo de Jaume Roura i Calls, Presidente de Fecavem<\/strong><br><img loading=\"lazy\" decoding=\"async\" height=\"48\" width=\"50\" src=\"https:\/\/mcusercontent.com\/1bc9eb94b767a3034de16a293\/images\/c0b7ea9c-4cc9-7167-6bea-58f5ec387511.jpg\"><br><br><strong>Coordenadas<\/strong><br>Martes 5 de abril de 2022,<br>Lugar: C\u00e1mara de Comercio de Gerona. Gran Via Jaume I, 416. CP 17001 Girona.<br>Horario: apertura de puertas: 8:30h por el caf\u00e9+desayuno \/\/ 9:30-11h: conferencia.<br>Aforo limitado, se atender\u00e1 al riguroso orden de inscripci\u00f3n. Una vez inscritos, le facilitaremos la confirmaci\u00f3n de la entrada.<br><br><em>El Automobile Talks cuenta con el BBVA Consumer Finance, patrocinador oficial del acto.<\/em><br><br><br>&nbsp;<img loading=\"lazy\" decoding=\"async\" height=\"29\" width=\"100\" src=\"https:\/\/mcusercontent.com\/1bc9eb94b767a3034de16a293\/images\/1ef09886-7c18-47b6-b93b-407532a58b63.png\"><\/td><\/tr><\/tbody><\/table><\/figure>\n\n\n\n<figure class=\"wp-block-table\"><table><tbody><tr><td class=\"has-text-align-center\" data-align=\"center\"><a href=\"https:\/\/docs.google.com\/forms\/d\/e\/1FAIpQLScrXPpX5KVb3XcywPFBmu5TSfj-bffrupF-9nvM9iCeSEOfyA\/viewform\" target=\"_blank\" rel=\"noreferrer noopener\"><strong>\u00a1INSCR\u00cdBETE!<\/strong><\/a><\/td><\/tr><\/tbody><\/table><\/figure>\n","protected":false},"excerpt":{"rendered":"<p>Fecavem celebra el tercer Automobile Talks de este 2022. En este caso, nos trasladamos hasta Girona para impulsar la distribuci\u00f3n de automoci\u00f3n por toda Catalu\u00f1a. Consideramos que es muy importante abordar los temas que, a efectos del sector del autom\u00f3vil, es necesario tener en cuenta desde diferentes perspectivas. En las comarcas de Girona,&nbsp;la movilidad cuenta [&#8230;]<\/p>\n","protected":false},"author":2,"featured_media":4780,"comment_status":"closed","ping_status":"closed","sticky":false,"template":"","format":"standard","meta":{"footnotes":"","_links_to":"","_links_to_target":""},"categories":[102],"tags":[],"class_list":["post-5484","post","type-post","status-publish","format-standard","has-post-thumbnail","hentry","category-girona-es"],"_links":{"self":[{"href":"https:\/\/fecavem.com\/es\/wp-json\/wp\/v2\/posts\/5484","targetHints":{"allow":["GET"]}}],"collection":[{"href":"https:\/\/fecavem.com\/es\/wp-json\/wp\/v2\/posts"}],"about":[{"href":"https:\/\/fecavem.com\/es\/wp-json\/wp\/v2\/types\/post"}],"author":[{"embeddable":true,"href":"https:\/\/fecavem.com\/es\/wp-json\/wp\/v2\/users\/2"}],"replies":[{"embeddable":true,"href":"https:\/\/fecavem.com\/es\/wp-json\/wp\/v2\/comments?post=5484"}],"version-history":[{"count":2,"href":"https:\/\/fecavem.com\/es\/wp-json\/wp\/v2\/posts\/5484\/revisions"}],"predecessor-version":[{"id":5562,"href":"https:\/\/fecavem.com\/es\/wp-json\/wp\/v2\/posts\/5484\/revisions\/5562"}],"wp:featuredmedia":[{"embeddable":true,"href":"https:\/\/fecavem.com\/es\/wp-json\/wp\/v2\/media\/4780"}],"wp:attachment":[{"href":"https:\/\/fecavem.com\/es\/wp-json\/wp\/v2\/media?parent=5484"}],"wp:term":[{"taxonomy":"category","embeddable":true,"href":"https:\/\/fecavem.com\/es\/wp-json\/wp\/v2\/categories?post=5484"},{"taxonomy":"post_tag","embeddable":true,"href":"https:\/\/fecavem.com\/es\/wp-json\/wp\/v2\/tags?post=5484"}],"curies":[{"name":"wp","href":"https:\/\/api.w.org\/{rel}","templated":true}]}}