{"id":5574,"date":"2022-02-28T11:09:14","date_gmt":"2022-02-28T11:09:14","guid":{"rendered":"https:\/\/fecavem.com\/faconauto-2022-congres-madrid\/"},"modified":"2022-07-28T10:44:46","modified_gmt":"2022-07-28T10:44:46","slug":"faconauto-2022-congreso-madrid","status":"publish","type":"post","link":"https:\/\/fecavem.com\/es\/faconauto-2022-congreso-madrid\/","title":{"rendered":"Fecavem, presente al regreso del Congreso Faconauto de Madrid"},"content":{"rendered":"\n<p>El pr\u00f3ximo 2 y 3 de marzo, el presidente de Fecavem y el Gremio del Motor, Jaume Roura; y el Portavoz de Fecavem y Secretario General del Gremio del Motor, Joan Blancafort, asistir\u00e1n al Congreso &amp; Expo de Faconauto, el evento m\u00e1s importante de la automoci\u00f3n en nuestro pa\u00eds, el gran escaparate del sector de la distribuci\u00f3n, por contenidos y por la afluencia de profesionales. Le animamos a seguirlo a trav\u00e9s de las redes sociales y su app y, posteriormente a la jornada, le aportaremos las novedades presentadas y la valoraci\u00f3n que hacemos desde la patronal catalana.<\/p>\n\n\n\n<p>En su \u00faltima edici\u00f3n, en formato online y f\u00edsico, moviliz\u00f3 a m\u00e1s de 6.000 profesionales del sector. No se pierda la programaci\u00f3n de Faconauto. Descarga la agenda con toda la programaci\u00f3n que han preparado,<\/p>\n\n\n\n<p class=\"has-text-align-center\"><a href=\"https:\/\/47ffqb29dp6r48yb1z45v7bk-wpengine.netdna-ssl.com\/wp-content\/uploads\/2022\/02\/Agenda-Congreso-Faconauto-2022.pdf\" target=\"_blank\" rel=\"noreferrer noopener\"><strong>DESCARGAR AGENDA<\/strong><\/a><\/p>\n","protected":false},"excerpt":{"rendered":"<p>El pr\u00f3ximo 2 y 3 de marzo, el presidente de Fecavem y el Gremio del Motor, Jaume Roura; y el Portavoz de Fecavem y Secretario General del Gremio del Motor, Joan Blancafort, asistir\u00e1n al Congreso &amp; Expo de Faconauto, el evento m\u00e1s importante de la automoci\u00f3n en nuestro pa\u00eds, el gran escaparate del sector de [&#8230;]<\/p>\n","protected":false},"author":2,"featured_media":4945,"comment_status":"closed","ping_status":"closed","sticky":false,"template":"","format":"standard","meta":{"footnotes":"","_links_to":"","_links_to_target":""},"categories":[105],"tags":[],"class_list":["post-5574","post","type-post","status-publish","format-standard","has-post-thumbnail","hentry","category-motor-es"],"_links":{"self":[{"href":"https:\/\/fecavem.com\/es\/wp-json\/wp\/v2\/posts\/5574","targetHints":{"allow":["GET"]}}],"collection":[{"href":"https:\/\/fecavem.com\/es\/wp-json\/wp\/v2\/posts"}],"about":[{"href":"https:\/\/fecavem.com\/es\/wp-json\/wp\/v2\/types\/post"}],"author":[{"embeddable":true,"href":"https:\/\/fecavem.com\/es\/wp-json\/wp\/v2\/users\/2"}],"replies":[{"embeddable":true,"href":"https:\/\/fecavem.com\/es\/wp-json\/wp\/v2\/comments?post=5574"}],"version-history":[{"count":2,"href":"https:\/\/fecavem.com\/es\/wp-json\/wp\/v2\/posts\/5574\/revisions"}],"predecessor-version":[{"id":5614,"href":"https:\/\/fecavem.com\/es\/wp-json\/wp\/v2\/posts\/5574\/revisions\/5614"}],"wp:featuredmedia":[{"embeddable":true,"href":"https:\/\/fecavem.com\/es\/wp-json\/wp\/v2\/media\/4945"}],"wp:attachment":[{"href":"https:\/\/fecavem.com\/es\/wp-json\/wp\/v2\/media?parent=5574"}],"wp:term":[{"taxonomy":"category","embeddable":true,"href":"https:\/\/fecavem.com\/es\/wp-json\/wp\/v2\/categories?post=5574"},{"taxonomy":"post_tag","embeddable":true,"href":"https:\/\/fecavem.com\/es\/wp-json\/wp\/v2\/tags?post=5574"}],"curies":[{"name":"wp","href":"https:\/\/api.w.org\/{rel}","templated":true}]}}