{"id":5672,"date":"2022-01-01T20:21:51","date_gmt":"2022-01-01T20:21:51","guid":{"rendered":"https:\/\/fecavem.com\/reforma-laboral-automocio-afectacions\/"},"modified":"2022-07-28T12:50:09","modified_gmt":"2022-07-28T12:50:09","slug":"reforma-laboral-automocion-afectaciones","status":"publish","type":"post","link":"https:\/\/fecavem.com\/es\/reforma-laboral-automocion-afectaciones\/","title":{"rendered":"Todo lo que debes saber de la reforma laboral"},"content":{"rendered":"\n<figure class=\"wp-block-table\"><table><tbody><tr><td><strong>Informamos de los aspectos m\u00e1s relevantes para nuestros asociados y asociadas<\/strong><br><br><strong>El pasado 30 de diciembre de 2021 se public\u00f3 el Real Decreto ley 32\/2021, de 28 de diciembre, sobre medidas urgentes para la&nbsp; reforma&nbsp; laboral, la garant\u00eda de la estabilidad en el empleo y la transformaci\u00f3n del mercado de trabajo.<\/strong><br><br>Los aspectos clave para la distribuci\u00f3n de automoci\u00f3n son, a juicio de nuestra Patronal Fecavem:<br><br>&#8211; Se endurece la contrataci\u00f3n de duraci\u00f3n determinada. El contrato de trabajo se presume concertado por tiempo indefinido con dos supuestos tasados de temporalidad: circunstancias de la producci\u00f3n o por sustituci\u00f3n de la persona trabajadora (art. 15 ET).<br>&#8211; Se revisan los contratos formativos. Se suprimen diversas modalidades contractuales en materia de contratos formativos y se crean nuevos, con modificaciones diversas (art. 11 ET).<br>&#8211; Se posibilita la contrataci\u00f3n a tiempo parcial en los contratos formativos (art. 12 ET).&nbsp;<br>&#8211; El contrato de formaci\u00f3n se transforma en contrato de formaci\u00f3n en alternancia; el de pr\u00e1cticas se transforma en contrato para la obtenci\u00f3n de la pr\u00e1ctica profesional.<br>&#8211; Se refuerzan los contratos fijos discontinuos ampliando los supuestos (art. 16 ET).<br>&#8211; Se facilita el acceso a los ERTOS recortando los plazos y agilizando la tramitaci\u00f3n.<br>&#8211; Se elimina la prioridad del convenio de empresa en materia retributiva. Prevalece el convenio sectorial sobre el de empresa en materia retributiva del salario base y de los complementos salariales, incluidos los vinculados a la situaci\u00f3n y los resultados de la empresa (art. 84.2 ET Concurrencia).<br>&#8211; Se recobra la ultraactividad de los convenios colectivos transcurrido un a\u00f1o de su denuncia sin acuerdo (art. 86. Vigencia).<br>&#8211; Se refuerzan los derechos de informaci\u00f3n de los representantes de los trabajadores en materias diversas y las capacidades de control de la inspecci\u00f3n de trabajo<br>&#8211; Se limita la jubilaci\u00f3n forzosa en los convenios colectivos a partir de los 68 a\u00f1os, entre otras condiciones.<br><br>La nueva norma&nbsp;<strong>modifica varios art\u00edculos del Estatuto de los Trabajadores<\/strong>,  &nbsp;la ley reguladora de la Subcontrataci\u00f3n a la Construcci\u00f3n, la Ley General de la Seguridad Social, la ley reguladora del Sistema de Formaci\u00f3n Profesional para el empleo en el&nbsp; \u00e1mbito laboral &nbsp;y la Ley sobre Infracciones y Sanciones en el Orden Social.<\/td><\/tr><\/tbody><\/table><\/figure>\n\n\n\n<figure class=\"wp-block-table\"><table><tbody><tr><td><a href=\"https:\/\/mcusercontent.com\/d2bd2c4b1a9b1d644a7e7d079\/files\/b9350fca-1373-7785-f804-b47e02d84615\/BOE_30_12_21_REFORMA_LABORAL.pdf\" target=\"_blank\" rel=\"noreferrer noopener\"><strong>BOE&nbsp;REFORMA&nbsp;LABORAL<\/strong><\/a><\/td><\/tr><\/tbody><\/table><\/figure>\n","protected":false},"excerpt":{"rendered":"<p>Informamos de los aspectos m\u00e1s relevantes para nuestros asociados y asociadas El pasado 30 de diciembre de 2021 se public\u00f3 el Real Decreto ley 32\/2021, de 28 de diciembre, sobre medidas urgentes para la&nbsp; reforma&nbsp; laboral, la garant\u00eda de la estabilidad en el empleo y la transformaci\u00f3n del mercado de trabajo. Los aspectos clave para [&#8230;]<\/p>\n","protected":false},"author":2,"featured_media":4907,"comment_status":"closed","ping_status":"closed","sticky":false,"template":"","format":"standard","meta":{"footnotes":"","_links_to":"","_links_to_target":""},"categories":[95],"tags":[],"class_list":["post-5672","post","type-post","status-publish","format-standard","has-post-thumbnail","hentry","category-gobierno-es"],"_links":{"self":[{"href":"https:\/\/fecavem.com\/es\/wp-json\/wp\/v2\/posts\/5672","targetHints":{"allow":["GET"]}}],"collection":[{"href":"https:\/\/fecavem.com\/es\/wp-json\/wp\/v2\/posts"}],"about":[{"href":"https:\/\/fecavem.com\/es\/wp-json\/wp\/v2\/types\/post"}],"author":[{"embeddable":true,"href":"https:\/\/fecavem.com\/es\/wp-json\/wp\/v2\/users\/2"}],"replies":[{"embeddable":true,"href":"https:\/\/fecavem.com\/es\/wp-json\/wp\/v2\/comments?post=5672"}],"version-history":[{"count":2,"href":"https:\/\/fecavem.com\/es\/wp-json\/wp\/v2\/posts\/5672\/revisions"}],"predecessor-version":[{"id":5714,"href":"https:\/\/fecavem.com\/es\/wp-json\/wp\/v2\/posts\/5672\/revisions\/5714"}],"wp:featuredmedia":[{"embeddable":true,"href":"https:\/\/fecavem.com\/es\/wp-json\/wp\/v2\/media\/4907"}],"wp:attachment":[{"href":"https:\/\/fecavem.com\/es\/wp-json\/wp\/v2\/media?parent=5672"}],"wp:term":[{"taxonomy":"category","embeddable":true,"href":"https:\/\/fecavem.com\/es\/wp-json\/wp\/v2\/categories?post=5672"},{"taxonomy":"post_tag","embeddable":true,"href":"https:\/\/fecavem.com\/es\/wp-json\/wp\/v2\/tags?post=5672"}],"curies":[{"name":"wp","href":"https:\/\/api.w.org\/{rel}","templated":true}]}}