{"id":5694,"date":"2021-11-30T10:26:16","date_gmt":"2021-11-30T10:26:16","guid":{"rendered":"https:\/\/fecavem.com\/zona-baixes-emissions-vigor-sant-cugat-valles\/"},"modified":"2022-07-28T12:53:54","modified_gmt":"2022-07-28T12:53:54","slug":"zona-bajas-emisiones-vigor-sant-cugat-valles","status":"publish","type":"post","link":"https:\/\/fecavem.com\/es\/zona-bajas-emisiones-vigor-sant-cugat-valles\/","title":{"rendered":"La Zona de Bajas Emisiones entra en Sant Cugat del Vall\u00e8s"},"content":{"rendered":"\n<p>Este mes de noviembre, el Ayuntamiento de Sant Cugat del Vall\u00e9s ha empezado a multar a los conductores de motos y coches que entran sin la etiqueta ambiental en la Zona de Bajas Emisiones (ZBE), que ya entr\u00f3 en vigor el 1 de mayo de 2021.<strong> Se trata de la primera ZBE de \u00e1mbito local en el \u00e1rea metropolitana, m\u00e1s all\u00e1 de Barcelona, que impedir\u00e1 la circulaci\u00f3n de veh\u00edculos m\u00e1s contaminantes. <\/strong>La Zona de Bajas Emisiones incluye un \u00e1rea de cuatro kil\u00f3metros cuadrados, muy lejos de los noventa y cinco kil\u00f3metros cuadrados de la ciudad de Barcelona.<\/p>\n\n\n\n<p>El objetivo de la ZBE es reducir la contaminaci\u00f3n ambiental y mejorar la calidad del aire y la salud p\u00fablica. Esta iniciativa forma parte del <strong>Plan de Acci\u00f3n de Emergencia Clim\u00e1tica de Sant Cugat.<\/strong> La Zona de Bajas Emisiones incluye un \u00e1rea entre la carretera de Vallvidrera, la Ronda Norte, la avenida de Roquetes, la calle de Sant Crist de Llaceres y el paseo de Valldoreix.<\/p>\n\n\n\n<p><strong>Las restricciones ser\u00e1n todos los d\u00edas laborables, de lunes a viernes, de 7-20h. <\/strong>Afecta a todo el tr\u00e1fico rodado: coches, motocicletas y ciclomotores que no tengan la posibilidad de obtener la etiqueta ambiental de la DGT. Cabe recordar que los coches de gasolina matriculados antes del a\u00f1o 2000 o de diesel anteriores a 2005 o 2006 son los que abarca esta normativa. Por su parte, las motocicletas y ciclomotores corresponden a las matriculadas antes de 2003. <strong>No ser\u00e1 obligatorio llevar la etiqueta en el veh\u00edculo, aunque es recomendable.<\/strong><\/p>\n\n\n\n<p>Las sanciones oscilar\u00e1n entre 100 y 500 euros, seg\u00fan la gravedad de la infracci\u00f3n. Adem\u00e1s, la ordenanza prev\u00e9 que las personas reincidentes, quienes cometan una infracci\u00f3n de la misma naturaleza al menos dos veces en un a\u00f1o, <strong>podr\u00edan tener un aumento del 30% en la sanci\u00f3n.<\/strong> Todo el dinero recaudado se destinar\u00e1 a pol\u00edticas de movilidad sostenible.<\/p>\n\n\n\n<p><strong>Para las furgonetas, camiones y autobuses, el r\u00e9gimen sancionador entrar\u00e1 en vigor el 1 de mayo de 2022. <\/strong>Para los camiones de mercanc\u00edas en el Pol\u00edgono Can Mag\u00ed, el r\u00e9gimen sancionador entrar\u00e1 en vigor el 1 de mayo de 2026. Para veh\u00edculos profesionales, tambi\u00e9n motos y coches, el r\u00e9gimen sancionador entrar\u00e1 en vigor el 1 de mayo de 2022 dedicados exclusivamente al ejercicio de la actividad profesional de aut\u00f3nomos que tengan bajos ingresos, es decir, inferiores a dos veces el indicador de renta de efectos m\u00faltiples (IPREM).<\/p>\n\n\n\n<p>El control ser\u00e1 autom\u00e1tico, con <strong>cinco c\u00e1maras de lectura de matr\u00edcula<\/strong>, ubicadas en varios puntos de entrada en la ciudad y en un veh\u00edculo de la Polic\u00eda Local. Tambi\u00e9n existe un conjunto de exenciones y autorizaciones puntuales en algunos casos concretos, que se gestionan en el siguiente enlace: <a href=\"https:\/\/zberegistre.ambmobilitat.cat\/\" rel=\"noopener\">https:\/\/zberegistre.ambmobilitat.cat<\/a>\/&nbsp;&nbsp;<\/p>\n\n\n\n<p>Como sucede en Barcelona, una plataforma local se opone a la medida argumentando que usar el mismo planteamiento que la capital catalana no es recibido porque la situaci\u00f3n no es la misma. <strong>En Sant Cugat, los principales focos de emisiones se concentran en la AP-7 y los T\u00faneles de Vallvidrera.<\/strong> La plataforma reclama que sus veh\u00edculos se les ha decretado una obsolescencia programada pese a haber pasado la ITV y pagar ya el impuesto de CO\u2082.<\/p>\n\n\n\n<p>Adem\u00e1s, esa medida no aparec\u00eda en los programas electorales. Y argumentan tambi\u00e9n que&nbsp; faltan parkings y lanzaderas que acerquen al centro y tampoco existe un servicio de bicicletas como el Bicing. El transporte p\u00fablico no est\u00e1 ni de lejos como el de Barcelona y es imposible ir de Sant Cugat a muchas poblaciones de la provincia en transporte p\u00fablico.&nbsp;  Hay que aplicar normativas de acuerdo con el marco real.<\/p>\n","protected":false},"excerpt":{"rendered":"<p>Este mes de noviembre, el Ayuntamiento de Sant Cugat del Vall\u00e9s ha empezado a multar a los conductores de motos y coches que entran sin la etiqueta ambiental en la Zona de Bajas Emisiones (ZBE), que ya entr\u00f3 en vigor el 1 de mayo de 2021. Se trata de la primera ZBE de \u00e1mbito local [&#8230;]<\/p>\n","protected":false},"author":2,"featured_media":4896,"comment_status":"closed","ping_status":"closed","sticky":false,"template":"","format":"standard","meta":{"footnotes":"","_links_to":"","_links_to_target":""},"categories":[101],"tags":[],"class_list":["post-5694","post","type-post","status-publish","format-standard","has-post-thumbnail","hentry","category-administracion"],"_links":{"self":[{"href":"https:\/\/fecavem.com\/es\/wp-json\/wp\/v2\/posts\/5694","targetHints":{"allow":["GET"]}}],"collection":[{"href":"https:\/\/fecavem.com\/es\/wp-json\/wp\/v2\/posts"}],"about":[{"href":"https:\/\/fecavem.com\/es\/wp-json\/wp\/v2\/types\/post"}],"author":[{"embeddable":true,"href":"https:\/\/fecavem.com\/es\/wp-json\/wp\/v2\/users\/2"}],"replies":[{"embeddable":true,"href":"https:\/\/fecavem.com\/es\/wp-json\/wp\/v2\/comments?post=5694"}],"version-history":[{"count":2,"href":"https:\/\/fecavem.com\/es\/wp-json\/wp\/v2\/posts\/5694\/revisions"}],"predecessor-version":[{"id":5835,"href":"https:\/\/fecavem.com\/es\/wp-json\/wp\/v2\/posts\/5694\/revisions\/5835"}],"wp:featuredmedia":[{"embeddable":true,"href":"https:\/\/fecavem.com\/es\/wp-json\/wp\/v2\/media\/4896"}],"wp:attachment":[{"href":"https:\/\/fecavem.com\/es\/wp-json\/wp\/v2\/media?parent=5694"}],"wp:term":[{"taxonomy":"category","embeddable":true,"href":"https:\/\/fecavem.com\/es\/wp-json\/wp\/v2\/categories?post=5694"},{"taxonomy":"post_tag","embeddable":true,"href":"https:\/\/fecavem.com\/es\/wp-json\/wp\/v2\/tags?post=5694"}],"curies":[{"name":"wp","href":"https:\/\/api.w.org\/{rel}","templated":true}]}}