{"id":5706,"date":"2021-11-22T14:14:37","date_gmt":"2021-11-22T14:14:37","guid":{"rendered":"https:\/\/fecavem.com\/expoelectric-gremi-motor-record-assistencia\/"},"modified":"2022-07-28T12:58:14","modified_gmt":"2022-07-28T12:58:14","slug":"expoelectric-gremi-motor-record-asistencia","status":"publish","type":"post","link":"https:\/\/fecavem.com\/es\/expoelectric-gremi-motor-record-asistencia\/","title":{"rendered":"Asistencia r\u00e9cord de la 10\u00aa edici\u00f3n Expoel\u00e9ctrico"},"content":{"rendered":"\n<p><br><strong>Expoel\u00e9ctrico es el punto de encuentro y exposici\u00f3n de veh\u00edculos el\u00e9ctricos y de las energ\u00edas renovables. Este fin de semana, el Gremio del Motor ha podido constatar el inter\u00e9s por la nueva movilidad el\u00e9ctrica. El servicio que hemos ofrecido, junto con el Gremio de Instaladores, ha dado la posibilidad de conocer el veh\u00edculo a medida para cada uno de los interesados orientado a la conducci\u00f3n el\u00e9ctrica. <\/strong><br><br>M\u00e1s de 30.000 personas se han interesado en esta feria celebrada en el Arco de Triunfo de Barcelona.&nbsp; Expoel\u00e9ctrico cierra la d\u00e9cima edici\u00f3n con un r\u00e9cord de coches el\u00e9ctricos expuestos de las principales marcas automovil\u00edsticas del sector. En concreto, la feria ha triplicado el n\u00famero de autom\u00f3viles expuestos, respecto a la \u00faltima edici\u00f3n de 2019. <\/p>\n\n\n\n<figure class=\"wp-block-image size-full\"><img loading=\"lazy\" decoding=\"async\" width=\"1024\" height=\"768\" src=\"https:\/\/fecavem.com\/wp-content\/uploads\/2021\/11\/WhatsApp-Image-2021-11-21-at-13.41.57-3.jpeg\" alt=\"\" class=\"wp-image-3451\" srcset=\"https:\/\/fecavem.com\/wp-content\/uploads\/2021\/11\/WhatsApp-Image-2021-11-21-at-13.41.57-3.jpeg 1024w, https:\/\/fecavem.com\/wp-content\/uploads\/2021\/11\/WhatsApp-Image-2021-11-21-at-13.41.57-3-300x225.jpeg 300w, https:\/\/fecavem.com\/wp-content\/uploads\/2021\/11\/WhatsApp-Image-2021-11-21-at-13.41.57-3-768x576.jpeg 768w, https:\/\/fecavem.com\/wp-content\/uploads\/2021\/11\/WhatsApp-Image-2021-11-21-at-13.41.57-3-750x563.jpeg 750w\" sizes=\"auto, (max-width: 1024px) 100vw, 1024px\" \/><\/figure>\n\n\n\n<p class=\"has-text-align-center\">Elena y Carla, las dos responsables de la carpa del Gremio del Motor de informar a los asistentes<\/p>\n\n\n\n<p>Tambi\u00e9n se ampl\u00eda una oferta cada vez m\u00e1s variada con 40 modelos expuestos. La cita tambi\u00e9n ha tenido m\u00e1s de setenta veh\u00edculos de dos ruedas en exposici\u00f3n.<\/p>\n\n\n\n<figure class=\"wp-block-gallery has-nested-images columns-default is-cropped wp-block-gallery-1 is-layout-flex wp-block-gallery-is-layout-flex\">\n<figure class=\"wp-block-image size-large\"><img loading=\"lazy\" decoding=\"async\" width=\"1024\" height=\"768\" data-id=\"3448\" src=\"https:\/\/fecavem.com\/wp-content\/uploads\/2021\/11\/WhatsApp-Image-2021-11-21-at-13.41.57-2.jpeg\" alt=\"\" class=\"wp-image-3448\" srcset=\"https:\/\/fecavem.com\/wp-content\/uploads\/2021\/11\/WhatsApp-Image-2021-11-21-at-13.41.57-2.jpeg 1024w, https:\/\/fecavem.com\/wp-content\/uploads\/2021\/11\/WhatsApp-Image-2021-11-21-at-13.41.57-2-300x225.jpeg 300w, https:\/\/fecavem.com\/wp-content\/uploads\/2021\/11\/WhatsApp-Image-2021-11-21-at-13.41.57-2-768x576.jpeg 768w, https:\/\/fecavem.com\/wp-content\/uploads\/2021\/11\/WhatsApp-Image-2021-11-21-at-13.41.57-2-750x563.jpeg 750w\" sizes=\"auto, (max-width: 1024px) 100vw, 1024px\" \/><\/figure>\n<\/figure>\n\n\n\n<p>&nbsp;Los asistentes han disfrutado de un ambiente familiar y cercano con&nbsp;<strong>m\u00faltiples actividades gratuitas, l\u00fadicas y divulgativas<\/strong>&nbsp;en torno al veh\u00edculo de cero emisiones y las energ\u00edas renovables en una cita \u00fanica, impulsada por la Generalitat de Catalunya. Adem\u00e1s, la edici\u00f3n de este a\u00f1o ha sido la m\u00e1s participativa y la que m\u00e1s ha interactuado con el p\u00fablico. La actividad&nbsp;<strong>Vive una experiencia sostenible&nbsp;<\/strong> ha sido este domingo una forma de conocer las ventajas de la movilidad sostenible y&nbsp;<strong>probar \u201cin situ\u201d<\/strong>&nbsp;c\u00f3mo funcionan los veh\u00edculos de las diferentes marcas que apuestan por este tipo de movilidad.<\/p>\n\n\n\n<figure class=\"wp-block-image size-full\"><img loading=\"lazy\" decoding=\"async\" width=\"1024\" height=\"768\" src=\"https:\/\/fecavem.com\/wp-content\/uploads\/2021\/11\/WhatsApp-Image-2021-11-21-at-13.41.57-4.jpeg\" alt=\"\" class=\"wp-image-3450\" srcset=\"https:\/\/fecavem.com\/wp-content\/uploads\/2021\/11\/WhatsApp-Image-2021-11-21-at-13.41.57-4.jpeg 1024w, https:\/\/fecavem.com\/wp-content\/uploads\/2021\/11\/WhatsApp-Image-2021-11-21-at-13.41.57-4-300x225.jpeg 300w, https:\/\/fecavem.com\/wp-content\/uploads\/2021\/11\/WhatsApp-Image-2021-11-21-at-13.41.57-4-768x576.jpeg 768w, https:\/\/fecavem.com\/wp-content\/uploads\/2021\/11\/WhatsApp-Image-2021-11-21-at-13.41.57-4-750x563.jpeg 750w\" sizes=\"auto, (max-width: 1024px) 100vw, 1024px\" \/><\/figure>\n","protected":false},"excerpt":{"rendered":"<p>Expoel\u00e9ctrico es el punto de encuentro y exposici\u00f3n de veh\u00edculos el\u00e9ctricos y de las energ\u00edas renovables. Este fin de semana, el Gremio del Motor ha podido constatar el inter\u00e9s por la nueva movilidad el\u00e9ctrica. El servicio que hemos ofrecido, junto con el Gremio de Instaladores, ha dado la posibilidad de conocer el veh\u00edculo a medida [&#8230;]<\/p>\n","protected":false},"author":2,"featured_media":4887,"comment_status":"closed","ping_status":"closed","sticky":false,"template":"","format":"standard","meta":{"footnotes":"","_links_to":"","_links_to_target":""},"categories":[91],"tags":[],"class_list":["post-5706","post","type-post","status-publish","format-standard","has-post-thumbnail","hentry","category-gremi-del-motor-es"],"_links":{"self":[{"href":"https:\/\/fecavem.com\/es\/wp-json\/wp\/v2\/posts\/5706","targetHints":{"allow":["GET"]}}],"collection":[{"href":"https:\/\/fecavem.com\/es\/wp-json\/wp\/v2\/posts"}],"about":[{"href":"https:\/\/fecavem.com\/es\/wp-json\/wp\/v2\/types\/post"}],"author":[{"embeddable":true,"href":"https:\/\/fecavem.com\/es\/wp-json\/wp\/v2\/users\/2"}],"replies":[{"embeddable":true,"href":"https:\/\/fecavem.com\/es\/wp-json\/wp\/v2\/comments?post=5706"}],"version-history":[{"count":3,"href":"https:\/\/fecavem.com\/es\/wp-json\/wp\/v2\/posts\/5706\/revisions"}],"predecessor-version":[{"id":6635,"href":"https:\/\/fecavem.com\/es\/wp-json\/wp\/v2\/posts\/5706\/revisions\/6635"}],"wp:featuredmedia":[{"embeddable":true,"href":"https:\/\/fecavem.com\/es\/wp-json\/wp\/v2\/media\/4887"}],"wp:attachment":[{"href":"https:\/\/fecavem.com\/es\/wp-json\/wp\/v2\/media?parent=5706"}],"wp:term":[{"taxonomy":"category","embeddable":true,"href":"https:\/\/fecavem.com\/es\/wp-json\/wp\/v2\/categories?post=5706"},{"taxonomy":"post_tag","embeddable":true,"href":"https:\/\/fecavem.com\/es\/wp-json\/wp\/v2\/tags?post=5706"}],"curies":[{"name":"wp","href":"https:\/\/api.w.org\/{rel}","templated":true}]}}