{"id":5893,"date":"2021-11-18T10:31:30","date_gmt":"2021-11-18T10:31:30","guid":{"rendered":"https:\/\/fecavem.com\/cochesnet-dades-electrics-vo\/"},"modified":"2022-07-28T12:59:18","modified_gmt":"2022-07-28T12:59:18","slug":"cochesnet-datos-electricos-vo","status":"publish","type":"post","link":"https:\/\/fecavem.com\/es\/cochesnet-datos-electricos-vo\/","title":{"rendered":"Coches.net nos acerca los datos del tercer trimestre de VO el\u00e9ctricos"},"content":{"rendered":"\n<figure class=\"wp-block-table\"><table><tbody><tr><td><strong>La Patronal Fecavem cierra un acuerdo de colaboraci\u00f3n con Coches.net. Con el objetivo de acercar informes y datos que nos ilustren de forma m\u00e1s clara la situaci\u00f3n del mercado y la automoci\u00f3n privada, ampliamos nuestros servicios comunicativos. Por otra parte, tambi\u00e9n reforzamos nuestra presencia a trav\u00e9s de este portal con la publicaci\u00f3n de nuestros informes de VN y VO en Catalu\u00f1a.<\/strong><br><br>Le informa ElectricarVO de Coches.net se\u00f1ala que el inter\u00e9s por los veh\u00edculos el\u00e9ctricos de ocasi\u00f3n sigue aumentando mes a mes. De hecho, la intenci\u00f3n de compra de esta tipolog\u00eda de veh\u00edculos ha aumentado un 28% este trimestre si lo comparamos respecto al anterior. Segons les dades d&#8217;Ideauto (Institut d&#8217;Estudis d&#8217;Automoci\u00f3), les vendes d&#8217;electricitat d&#8217;ocasi\u00f3 acumulen fins al setembre m\u00e9s de 6.850 unitats&nbsp;i aquest tercer trimestre ha venut m\u00e9s de 2.800 VO el\u00e8ctrics, on \u00e9s significatiu un 23% m\u00e9s que el segon trimestre.<br>Si nos&nbsp; fijamos en qu\u00e9 antig\u00fcedad mantiene la mayor\u00eda de estos el\u00e9ctricos, observamos que los que tienen menos de 1 a\u00f1o copan el 42% del total de las ventas, seguidos en un 32% por los que tienen entre 1 y 3 a\u00f1os y un 18% los el\u00e9ctricos de ocasi\u00f3n con 3 y 5 a\u00f1os de antig\u00fcedad.<\/td><\/tr><\/tbody><\/table><\/figure>\n\n\n\n<figure class=\"wp-block-table\"><table><tbody><tr><td><a href=\"https:\/\/www.coches.net\/blog-profesionales\/crecen-un-23-las-ventas-de-vehiculos-electricos-de-ocasion-respecto-al-segundo-trimestre\/\" target=\"_blank\" rel=\"noreferrer noopener\"><strong>INFORME COMPLETO DE COCHES.NET<\/strong><\/a><\/td><\/tr><\/tbody><\/table><\/figure>\n\n\n\n<figure class=\"wp-block-table\"><table><tbody><tr><td><a href=\"http:\" class=\"\" target=\"_blank\" rel=\"noreferrer noopener\"><\/a><\/td><\/tr><\/tbody><\/table><\/figure>\n","protected":false},"excerpt":{"rendered":"<p>La Patronal Fecavem cierra un acuerdo de colaboraci\u00f3n con Coches.net. Con el objetivo de acercar informes y datos que nos ilustren de forma m\u00e1s clara la situaci\u00f3n del mercado y la automoci\u00f3n privada, ampliamos nuestros servicios comunicativos. Por otra parte, tambi\u00e9n reforzamos nuestra presencia a trav\u00e9s de este portal con la publicaci\u00f3n de nuestros informes [&#8230;]<\/p>\n","protected":false},"author":2,"featured_media":4882,"comment_status":"closed","ping_status":"closed","sticky":false,"template":"","format":"standard","meta":{"footnotes":"","_links_to":"","_links_to_target":""},"categories":[90],"tags":[],"class_list":["post-5893","post","type-post","status-publish","format-standard","has-post-thumbnail","hentry","category-matriculaciones"],"_links":{"self":[{"href":"https:\/\/fecavem.com\/es\/wp-json\/wp\/v2\/posts\/5893","targetHints":{"allow":["GET"]}}],"collection":[{"href":"https:\/\/fecavem.com\/es\/wp-json\/wp\/v2\/posts"}],"about":[{"href":"https:\/\/fecavem.com\/es\/wp-json\/wp\/v2\/types\/post"}],"author":[{"embeddable":true,"href":"https:\/\/fecavem.com\/es\/wp-json\/wp\/v2\/users\/2"}],"replies":[{"embeddable":true,"href":"https:\/\/fecavem.com\/es\/wp-json\/wp\/v2\/comments?post=5893"}],"version-history":[{"count":2,"href":"https:\/\/fecavem.com\/es\/wp-json\/wp\/v2\/posts\/5893\/revisions"}],"predecessor-version":[{"id":5939,"href":"https:\/\/fecavem.com\/es\/wp-json\/wp\/v2\/posts\/5893\/revisions\/5939"}],"wp:featuredmedia":[{"embeddable":true,"href":"https:\/\/fecavem.com\/es\/wp-json\/wp\/v2\/media\/4882"}],"wp:attachment":[{"href":"https:\/\/fecavem.com\/es\/wp-json\/wp\/v2\/media?parent=5893"}],"wp:term":[{"taxonomy":"category","embeddable":true,"href":"https:\/\/fecavem.com\/es\/wp-json\/wp\/v2\/categories?post=5893"},{"taxonomy":"post_tag","embeddable":true,"href":"https:\/\/fecavem.com\/es\/wp-json\/wp\/v2\/tags?post=5893"}],"curies":[{"name":"wp","href":"https:\/\/api.w.org\/{rel}","templated":true}]}}