{"id":5914,"date":"2021-11-02T11:11:01","date_gmt":"2021-11-02T11:11:01","guid":{"rendered":"https:\/\/fecavem.com\/cau-salon-ocasion\/"},"modified":"2022-07-28T13:02:19","modified_gmt":"2022-07-28T13:02:19","slug":"cae-salon-ocasion","status":"publish","type":"post","link":"https:\/\/fecavem.com\/es\/cae-salon-ocasion\/","title":{"rendered":"Cae el Sal\u00f3n Ocasi\u00f3n"},"content":{"rendered":"\n<p>La noticia ya es un hecho, este a\u00f1o no se celebrar\u00e1 el Sal\u00f3n Ocasi\u00f3n. En esencia, Ocasi\u00f3n Barcelona es un mercado de venta de veh\u00edculos de ocasi\u00f3n. Sin embargo, para esta nueva edici\u00f3n, el principal problema es la falta de producto que afecta al conjunto de empresas del sector, los potenciales expositores. Esta situaci\u00f3n, conocida y sufrida por los profesionales del motor, ha sido el detonante de la desconvocatoria de la edici\u00f3n.&nbsp;<\/p>\n\n\n\n<p>Cabe recordar que la presidencia de Ocasi\u00f3n recae en Fecavem, signo que evidencia la voluntad y liderazgo de un evento destinado a dinamizar la actividad del sector. Iniciamos pues, gestiones para que de cara al pr\u00f3ximo a\u00f1o, podamos convocar a nuestros asociados a un nuevo mercado, cuando la situaci\u00f3n se normalice.<\/p>\n","protected":false},"excerpt":{"rendered":"<p>La noticia ya es un hecho, este a\u00f1o no se celebrar\u00e1 el Sal\u00f3n Ocasi\u00f3n. En esencia, Ocasi\u00f3n Barcelona es un mercado de venta de veh\u00edculos de ocasi\u00f3n. Sin embargo, para esta nueva edici\u00f3n, el principal problema es la falta de producto que afecta al conjunto de empresas del sector, los potenciales expositores. Esta situaci\u00f3n, conocida [&#8230;]<\/p>\n","protected":false},"author":2,"featured_media":4871,"comment_status":"closed","ping_status":"closed","sticky":false,"template":"","format":"standard","meta":{"footnotes":"","_links_to":"","_links_to_target":""},"categories":[110],"tags":[],"class_list":["post-5914","post","type-post","status-publish","format-standard","has-post-thumbnail","hentry","category-fira-barcelona-es"],"_links":{"self":[{"href":"https:\/\/fecavem.com\/es\/wp-json\/wp\/v2\/posts\/5914","targetHints":{"allow":["GET"]}}],"collection":[{"href":"https:\/\/fecavem.com\/es\/wp-json\/wp\/v2\/posts"}],"about":[{"href":"https:\/\/fecavem.com\/es\/wp-json\/wp\/v2\/types\/post"}],"author":[{"embeddable":true,"href":"https:\/\/fecavem.com\/es\/wp-json\/wp\/v2\/users\/2"}],"replies":[{"embeddable":true,"href":"https:\/\/fecavem.com\/es\/wp-json\/wp\/v2\/comments?post=5914"}],"version-history":[{"count":2,"href":"https:\/\/fecavem.com\/es\/wp-json\/wp\/v2\/posts\/5914\/revisions"}],"predecessor-version":[{"id":5953,"href":"https:\/\/fecavem.com\/es\/wp-json\/wp\/v2\/posts\/5914\/revisions\/5953"}],"wp:featuredmedia":[{"embeddable":true,"href":"https:\/\/fecavem.com\/es\/wp-json\/wp\/v2\/media\/4871"}],"wp:attachment":[{"href":"https:\/\/fecavem.com\/es\/wp-json\/wp\/v2\/media?parent=5914"}],"wp:term":[{"taxonomy":"category","embeddable":true,"href":"https:\/\/fecavem.com\/es\/wp-json\/wp\/v2\/categories?post=5914"},{"taxonomy":"post_tag","embeddable":true,"href":"https:\/\/fecavem.com\/es\/wp-json\/wp\/v2\/tags?post=5914"}],"curies":[{"name":"wp","href":"https:\/\/api.w.org\/{rel}","templated":true}]}}