{"id":5920,"date":"2021-10-24T17:11:58","date_gmt":"2021-10-24T17:11:58","guid":{"rendered":"https:\/\/fecavem.com\/fecavem-present-mitjans-comunicacio\/"},"modified":"2022-07-28T13:03:27","modified_gmt":"2022-07-28T13:03:27","slug":"fecavem-presente-medios-comunicacion","status":"publish","type":"post","link":"https:\/\/fecavem.com\/es\/fecavem-presente-medios-comunicacion\/","title":{"rendered":"Fecavem, m\u00e1s presente que nunca en los medios"},"content":{"rendered":"\n<p>Nuestra Patronal ha tenido una fuerte incidencia a lo largo de este a\u00f1o en los medios de comunicaci\u00f3n. Faltan dos meses para cerrar el 2021 pero queremos hacer un balance ahora puesto que constatamos que aparecemos, de media, una vez a la semana. Y esto va desde los medios locales, pasando por los de \u00e1mbito catal\u00e1n y terminando en los del Estado espa\u00f1ol. <\/p>\n\n\n\n<figure class=\"wp-block-image size-large\"><img loading=\"lazy\" decoding=\"async\" width=\"1024\" height=\"768\" src=\"https:\/\/fecavem.com\/wp-content\/uploads\/2021\/10\/WhatsApp-Image-2021-10-20-at-17.04.06-1024x768.jpeg\" alt=\"\" class=\"wp-image-3275\" srcset=\"https:\/\/fecavem.com\/wp-content\/uploads\/2021\/10\/WhatsApp-Image-2021-10-20-at-17.04.06-1024x768.jpeg 1024w, https:\/\/fecavem.com\/wp-content\/uploads\/2021\/10\/WhatsApp-Image-2021-10-20-at-17.04.06-300x225.jpeg 300w, https:\/\/fecavem.com\/wp-content\/uploads\/2021\/10\/WhatsApp-Image-2021-10-20-at-17.04.06-768x576.jpeg 768w, https:\/\/fecavem.com\/wp-content\/uploads\/2021\/10\/WhatsApp-Image-2021-10-20-at-17.04.06-1536x1152.jpeg 1536w, https:\/\/fecavem.com\/wp-content\/uploads\/2021\/10\/WhatsApp-Image-2021-10-20-at-17.04.06-750x563.jpeg 750w, https:\/\/fecavem.com\/wp-content\/uploads\/2021\/10\/WhatsApp-Image-2021-10-20-at-17.04.06-1140x855.jpeg 1140w, https:\/\/fecavem.com\/wp-content\/uploads\/2021\/10\/WhatsApp-Image-2021-10-20-at-17.04.06.jpeg 1600w\" sizes=\"auto, (max-width: 1024px) 100vw, 1024px\" \/><\/figure>\n\n\n\n<p>Una \u00faltima muestra es la entrevista al presidente de Fecavem, el Gremio del Motor y la UPM, el sr. Jaume Roura, en La Sexta Noticias. Su opini\u00f3n fue de inter\u00e9s por presentar el nuevo modelo Silence y analizar el estado del veh\u00edculo el\u00e9ctrico en nuestro pa\u00eds en estos momentos. Constatamos que somos una voz potente y nos escuchan. \u00c9ste es el reportaje de La Sexta.<\/p>\n\n\n\n<figure class=\"wp-block-video\"><video height=\"640\" style=\"aspect-ratio: 288 \/ 640;\" width=\"288\" controls src=\"https:\/\/fecavem.com\/wp-content\/uploads\/2021\/10\/WhatsApp-Video-2021-10-21-at-17.53.33.mp4\"><\/video><figcaption>La Sexta Noticias del 21 de octubre de 2021<\/figcaption><\/figure>\n\n\n\n<p>Por otra parte, desde nuestra Patronal ponemos a su disposici\u00f3n una p\u00e1gina web dedicada exclusivamente a los impactos en medios. La encontrareis dentro del apartado PRENSA, \u00a1os enlazamos!<\/p>\n\n\n\n<p>                                                                     <a href=\"https:\/\/fecavem.com\/premsa\/impacte-als-mitjans\/\">IMPACTOS EN LOS MEDIOS<\/a><\/p>\n","protected":false},"excerpt":{"rendered":"<p>Nuestra Patronal ha tenido una fuerte incidencia a lo largo de este a\u00f1o en los medios de comunicaci\u00f3n. Faltan dos meses para cerrar el 2021 pero queremos hacer un balance ahora puesto que constatamos que aparecemos, de media, una vez a la semana. Y esto va desde los medios locales, pasando por los de \u00e1mbito [&#8230;]<\/p>\n","protected":false},"author":2,"featured_media":4868,"comment_status":"closed","ping_status":"closed","sticky":false,"template":"","format":"standard","meta":{"footnotes":"","_links_to":"","_links_to_target":""},"categories":[93],"tags":[],"class_list":["post-5920","post","type-post","status-publish","format-standard","has-post-thumbnail","hentry","category-movilidad"],"_links":{"self":[{"href":"https:\/\/fecavem.com\/es\/wp-json\/wp\/v2\/posts\/5920","targetHints":{"allow":["GET"]}}],"collection":[{"href":"https:\/\/fecavem.com\/es\/wp-json\/wp\/v2\/posts"}],"about":[{"href":"https:\/\/fecavem.com\/es\/wp-json\/wp\/v2\/types\/post"}],"author":[{"embeddable":true,"href":"https:\/\/fecavem.com\/es\/wp-json\/wp\/v2\/users\/2"}],"replies":[{"embeddable":true,"href":"https:\/\/fecavem.com\/es\/wp-json\/wp\/v2\/comments?post=5920"}],"version-history":[{"count":3,"href":"https:\/\/fecavem.com\/es\/wp-json\/wp\/v2\/posts\/5920\/revisions"}],"predecessor-version":[{"id":6638,"href":"https:\/\/fecavem.com\/es\/wp-json\/wp\/v2\/posts\/5920\/revisions\/6638"}],"wp:featuredmedia":[{"embeddable":true,"href":"https:\/\/fecavem.com\/es\/wp-json\/wp\/v2\/media\/4868"}],"wp:attachment":[{"href":"https:\/\/fecavem.com\/es\/wp-json\/wp\/v2\/media?parent=5920"}],"wp:term":[{"taxonomy":"category","embeddable":true,"href":"https:\/\/fecavem.com\/es\/wp-json\/wp\/v2\/categories?post=5920"},{"taxonomy":"post_tag","embeddable":true,"href":"https:\/\/fecavem.com\/es\/wp-json\/wp\/v2\/tags?post=5920"}],"curies":[{"name":"wp","href":"https:\/\/api.w.org\/{rel}","templated":true}]}}