{"id":5932,"date":"2021-09-30T21:22:49","date_gmt":"2021-09-30T21:22:49","guid":{"rendered":"https:\/\/fecavem.com\/sense-restriccions-vigents-etiqueta-groga\/"},"modified":"2022-07-28T13:07:38","modified_gmt":"2022-07-28T13:07:38","slug":"sin-restricciones-vigentes-etiqueta-amarilla","status":"publish","type":"post","link":"https:\/\/fecavem.com\/es\/sin-restricciones-vigentes-etiqueta-amarilla\/","title":{"rendered":"Sin restricciones vigentes en la etiqueta amarilla"},"content":{"rendered":"\n<p>El <a href=\"https:\/\/www.amb.cat\/es\/web\/amb\/actualitat\/sala-de-premsa\/notes-de-premsa\/detall\/-\/notapremsa\/els-vehicles-amb-etiqueta-groga-de-la-dgt-podran-continuar-circulant-per\/11610083\/11696?_NotaPremsaSearchListPortlet_WAR_AMBSearchPortletportlet_pageNum=1&amp;_NotaPremsaSearchListPortlet_WAR_AMBSearchPortletportlet_detailBackURL=%2Fes%2Fweb%2Famb%2Factualitat%2Fsala-de-premsa%2Fnotes-de-premsa%2Fllistat\" rel=\"noopener\">AMB confirma que los veh\u00edculos con etiqueta amarilla podr\u00e1n seguir circulando en el 2022<\/a>. Esta nota de urgencia se precipit\u00f3 por las <a href=\"https:\/\/www.rac1.cat\/societat\/20210923\/4101936004171\/zona-de-baixes-emissions-zbe-barcelona-etiqueta-groga-cotxe-diesel-vehicle.html\" rel=\"noopener\">declaraciones de la alcaldesa de Barcelona y al mismo tiempo presidenta del AMB, Ada Colau,<\/a> manifestando lo contrario y causando, una vez m\u00e1s, confusi\u00f3n a los ciudadanos y ciudadanas y empresas.<\/p>\n\n\n\n<p>No s\u00e9 si atribuir estas manifestaciones a una falta de informaci\u00f3n oa su reiterada conducta de atemorizar a los usuarios de los veh\u00edculos privados.&nbsp;El impacto de la restricci\u00f3n en la ciudadan\u00eda y las empresas es muy grande, ya que se estima que entre un 27% y un 35% de los veh\u00edculos disponen de etiqueta amarilla y de \u00e9stos, hasta un 77% son transportistas.<\/p>\n\n\n\n<p>En definitiva, ahora que desde el AMB confirman p\u00fablicamente que no entra en vigor esta restricci\u00f3n, aprovechamos para poner de manifiesto que el Gremio del Motor de Barcelona registr\u00f3 escritos de oposici\u00f3n a la entrada en funcionamiento para 2022, en defensa de los intereses de su colectivo y, a su vez, ha apoyado el movimiento ciudadano de oposici\u00f3n a la medida, impulsada por agremiados, dos de ellos de nuestra junta directiva.<\/p>\n","protected":false},"excerpt":{"rendered":"<p>El AMB confirma que los veh\u00edculos con etiqueta amarilla podr\u00e1n seguir circulando en el 2022. Esta nota de urgencia se precipit\u00f3 por las declaraciones de la alcaldesa de Barcelona y al mismo tiempo presidenta del AMB, Ada Colau, manifestando lo contrario y causando, una vez m\u00e1s, confusi\u00f3n a los ciudadanos y ciudadanas y empresas. No [&#8230;]<\/p>\n","protected":false},"author":2,"featured_media":4855,"comment_status":"closed","ping_status":"closed","sticky":false,"template":"","format":"standard","meta":{"footnotes":"","_links_to":"","_links_to_target":""},"categories":[99],"tags":[],"class_list":["post-5932","post","type-post","status-publish","format-standard","has-post-thumbnail","hentry","category-joan-blancafort-es"],"_links":{"self":[{"href":"https:\/\/fecavem.com\/es\/wp-json\/wp\/v2\/posts\/5932","targetHints":{"allow":["GET"]}}],"collection":[{"href":"https:\/\/fecavem.com\/es\/wp-json\/wp\/v2\/posts"}],"about":[{"href":"https:\/\/fecavem.com\/es\/wp-json\/wp\/v2\/types\/post"}],"author":[{"embeddable":true,"href":"https:\/\/fecavem.com\/es\/wp-json\/wp\/v2\/users\/2"}],"replies":[{"embeddable":true,"href":"https:\/\/fecavem.com\/es\/wp-json\/wp\/v2\/comments?post=5932"}],"version-history":[{"count":2,"href":"https:\/\/fecavem.com\/es\/wp-json\/wp\/v2\/posts\/5932\/revisions"}],"predecessor-version":[{"id":5960,"href":"https:\/\/fecavem.com\/es\/wp-json\/wp\/v2\/posts\/5932\/revisions\/5960"}],"wp:featuredmedia":[{"embeddable":true,"href":"https:\/\/fecavem.com\/es\/wp-json\/wp\/v2\/media\/4855"}],"wp:attachment":[{"href":"https:\/\/fecavem.com\/es\/wp-json\/wp\/v2\/media?parent=5932"}],"wp:term":[{"taxonomy":"category","embeddable":true,"href":"https:\/\/fecavem.com\/es\/wp-json\/wp\/v2\/categories?post=5932"},{"taxonomy":"post_tag","embeddable":true,"href":"https:\/\/fecavem.com\/es\/wp-json\/wp\/v2\/tags?post=5932"}],"curies":[{"name":"wp","href":"https:\/\/api.w.org\/{rel}","templated":true}]}}