{"id":6037,"date":"2021-09-02T08:22:57","date_gmt":"2021-09-02T08:22:57","guid":{"rendered":"https:\/\/fecavem.com\/agost-negatiu-matriculacions\/"},"modified":"2022-07-28T13:18:03","modified_gmt":"2022-07-28T13:18:03","slug":"agosto-negativo-matriculaciones","status":"publish","type":"post","link":"https:\/\/fecavem.com\/es\/agosto-negativo-matriculaciones\/","title":{"rendered":"Agosto negativo por las matriculaciones"},"content":{"rendered":"\n<p>La <strong>tendencia de julio a la baja se ha acentuado este mes de agosto.<\/strong> Debemos remontarnos a la \u00faltima crisis para encontrar un comportamiento de las ventas similar. El principal factor tiene que ver con la autrada de la producci\u00f3n de veh\u00edculos causada por la escasez de microchips. Las f\u00e1bricas no pueden mantener los ritmos de producci\u00f3n habituales y no abastecen a los concesionarios. De rebote, \u00e9stos no pueden atender la demanda de sus clientes.<br><br>Es evidente que la crisis sanitaria derivada de la Covid-19 tampoco ayuda y afecta a los procesos de producci\u00f3n de productos y su comercializaci\u00f3n. Tambi\u00e9n influencia la creciente confusi\u00f3n y la incertidumbre por los mensajes emitidos por las autoridades cuestionando los veh\u00edculos de combusti\u00f3n de gasolina y diesel. El comportamiento del comprador cambia y desplaza la intenci\u00f3n de compra en el veh\u00edculo usado.<\/p>\n\n\n\n<p>El mercado del veh\u00edculo usado mantiene una positiva evoluci\u00f3n. Se venden cada vez m\u00e1s usados que nuevos porque de \u00e9stos no se encuentran. A grandes rasgos, <strong>m\u00e1s de la mitad del mercado de usado supera los 10 a\u00f1os de antig\u00fcedad<\/strong>. Y esto se traduce en que la media de edad del parque crece de forma sostenida desde hace a\u00f1os y tambi\u00e9n el parque m\u00f3vil.<\/p>\n\n\n\n<p>En definitiva, es necesario corregir de una forma u otra esta situaci\u00f3n porque afecta en negativo a la seguridad vial y la suma global de emisiones medioambientales. Catalu\u00f1a todav\u00eda no ha publicado la convocatoria de ayudas del Plan Moves III y esto es negativo para el sector. Es obvio que la operaci\u00f3n de compra y la presentaci\u00f3n de la ayuda debe ser simult\u00e1nea. La mayor\u00eda de comunidades se nos han adelantado. <strong>El Ministerio de Transici\u00f3n Ecol\u00f3gica informa en su web del estado de las convocatorias de las CCAA y evidencia que Catalu\u00f1a va a la cola.<\/strong><\/p>\n\n\n\n<p>En paralelo, en Catalunya estamos de enhorabuena por el fin de los peajes de titularidad estatal. Los usuarios de estas v\u00edas se ahorrar\u00e1n mucho dinero. Compartimos las palabras del <strong>Vicepresidente del Govern, Jordi Puigner\u00f3<\/strong>, que los catalanes no tengan que pagar los peajes como hac\u00edan hasta ahora y que pida al Ejecutivo central que defina el nuevo modelo de financiaci\u00f3n de nuestras carreteras. A su vez, nosotros le pedimos coherencia y que haga lo mismo en su \u00e1rea de responsabilidad: Catalu\u00f1a es el \u00fanico territorio donde los residentes deben pagar el Impuesto sobre las emisiones de CO2 y eso no puede ser. Un impuesto que, por cierto, entra en vigor hoy.<\/p>\n\n\n\n<p class=\"has-text-align-center\"><strong><a href=\"https:\/\/fecavem.com\/es\/prensa\/dades-de-mercat\/\">\u00a1DESCARGATE LOS DATOS DE MERCADO!<\/a><\/strong><\/p>\n\n\n\n<div data-wp-interactive=\"core\/file\" class=\"wp-block-file\"><object data-wp-bind--hidden=\"!state.hasPdfPreview\" hidden class=\"wp-block-file__embed\" data=\"https:\/\/fecavem.com\/wp-content\/uploads\/2021\/09\/2021_08_31-Avance-de-Matriculaciones.xls-1.pdf\" type=\"application\/pdf\" style=\"width:100%;height:600px\" aria-label=\"Incrustado de Incrustado de 2021_08_31-Avance-de-Matriculaciones.xls-1..\"><\/object><a href=\"https:\/\/fecavem.com\/wp-content\/uploads\/2021\/09\/2021_08_31-Avance-de-Matriculaciones.xls-1.pdf\">2021_08_31-Avance-de-Matriculaciones.xls-1<\/a><a href=\"https:\/\/fecavem.com\/wp-content\/uploads\/2021\/09\/2021_08_31-Avance-de-Matriculaciones.xls-1.pdf\" class=\"wp-block-file__button\" download>Descarga<\/a><\/div>\n","protected":false},"excerpt":{"rendered":"<p>La tendencia de julio a la baja se ha acentuado este mes de agosto. Debemos remontarnos a la \u00faltima crisis para encontrar un comportamiento de las ventas similar. El principal factor tiene que ver con la autrada de la producci\u00f3n de veh\u00edculos causada por la escasez de microchips. Las f\u00e1bricas no pueden mantener los ritmos [&#8230;]<\/p>\n","protected":false},"author":2,"featured_media":4812,"comment_status":"closed","ping_status":"closed","sticky":false,"template":"","format":"standard","meta":{"footnotes":"","_links_to":"","_links_to_target":""},"categories":[90],"tags":[],"class_list":["post-6037","post","type-post","status-publish","format-standard","has-post-thumbnail","hentry","category-matriculaciones"],"_links":{"self":[{"href":"https:\/\/fecavem.com\/es\/wp-json\/wp\/v2\/posts\/6037","targetHints":{"allow":["GET"]}}],"collection":[{"href":"https:\/\/fecavem.com\/es\/wp-json\/wp\/v2\/posts"}],"about":[{"href":"https:\/\/fecavem.com\/es\/wp-json\/wp\/v2\/types\/post"}],"author":[{"embeddable":true,"href":"https:\/\/fecavem.com\/es\/wp-json\/wp\/v2\/users\/2"}],"replies":[{"embeddable":true,"href":"https:\/\/fecavem.com\/es\/wp-json\/wp\/v2\/comments?post=6037"}],"version-history":[{"count":2,"href":"https:\/\/fecavem.com\/es\/wp-json\/wp\/v2\/posts\/6037\/revisions"}],"predecessor-version":[{"id":6112,"href":"https:\/\/fecavem.com\/es\/wp-json\/wp\/v2\/posts\/6037\/revisions\/6112"}],"wp:featuredmedia":[{"embeddable":true,"href":"https:\/\/fecavem.com\/es\/wp-json\/wp\/v2\/media\/4812"}],"wp:attachment":[{"href":"https:\/\/fecavem.com\/es\/wp-json\/wp\/v2\/media?parent=6037"}],"wp:term":[{"taxonomy":"category","embeddable":true,"href":"https:\/\/fecavem.com\/es\/wp-json\/wp\/v2\/categories?post=6037"},{"taxonomy":"post_tag","embeddable":true,"href":"https:\/\/fecavem.com\/es\/wp-json\/wp\/v2\/tags?post=6037"}],"curies":[{"name":"wp","href":"https:\/\/api.w.org\/{rel}","templated":true}]}}