{"id":6041,"date":"2021-08-31T10:48:39","date_gmt":"2021-08-31T10:48:39","guid":{"rendered":"https:\/\/fecavem.com\/formacio-professional-maswer-fecavem-automocio\/"},"modified":"2022-07-28T13:21:18","modified_gmt":"2022-07-28T13:21:18","slug":"formacio-professional-maswer-fecavem-automocio","status":"publish","type":"post","link":"https:\/\/fecavem.com\/es\/formacio-professional-maswer-fecavem-automocio\/","title":{"rendered":"Forma&#8217;t en vehicles el\u00e8ctrics i h\u00edbrids"},"content":{"rendered":"\n<p>Fecavem i <strong>Maswer Tallers Barcelona<\/strong> proposen una formaci\u00f3 espec\u00edfica per a transmetre coneixements als professionals del motor amb dos m\u00f2duls formatius, que tamb\u00e9 inclouen l&#8217;aprenentatge en l&#8217;objectiu de protegir i preveure potencials riscos de desc\u00e0rregues el\u00e8ctriques.<\/p>\n\n\n\n<p>L\u2019automoci\u00f3 s\u2019est\u00e0 transformant de forma accelerada com a conseq\u00fc\u00e8ncia de la necessitat d\u2019incorporar solucions de mobilitat m\u00e9s netes i eficients. Sempre ho diem: som nosaltres, el propi sector, qui lidera la innovaci\u00f3 i la recerca en nous models m\u00e9s sostenibles. En aquest nou escenari tenen una<strong> major pres\u00e8ncia els vehicles el\u00e8ctrics<\/strong> i, m\u00e9s endavant, tamb\u00e9 ho seran els vehicles connectats i aut\u00f2noms. Per aix\u00f2 \u00e9s necessari que els equips comercials i de postvenda que estan en contacte amb els vehicles el\u00e8ctrics, s\u2019entrenin i coneguin&nbsp; -m\u00e9s enll\u00e0 de la formaci\u00f3 sobre producte de la seva marca-, com tractar, manipular, usar aquests vehicles, els sistemes de rec\u00e0rrega i la normativa relativa al vehicle el\u00e8ctric.<\/p>\n\n\n\n<p>Miquel Champer \u00e9s Consultor de Maswer i l&#8217;encarregat de liderar i coordinar aquesta formaci\u00f3. Centrats en formar dins l&#8217;\u00e0rea comercial i de postvenda, el t\u00edtol adquirit est\u00e0 certificat i acreditat p\u00fablicament. Trobareu el detall de tota la informaci\u00f3 i com fer la vostra inscripci\u00f3 en l&#8217;enll\u00e7a del<strong><span class=\"has-inline-color has-vivid-red-color\"> <\/span><\/strong><a href=\"http:\/\/www.gremidelmotor.org\/gremidelmotor_pagina?idcontenido=8405\" rel=\"noopener\"><span class=\"has-inline-color has-vivid-red-color\">Gremi del Motor<\/span><\/a>.<\/p>\n","protected":false},"excerpt":{"rendered":"<p>Fecavem i Maswer Tallers Barcelona proposen una formaci\u00f3 espec\u00edfica per a transmetre coneixements als professionals del motor amb dos m\u00f2duls formatius, que tamb\u00e9 inclouen l&#8217;aprenentatge en l&#8217;objectiu de protegir i preveure potencials riscos de desc\u00e0rregues el\u00e8ctriques. L\u2019automoci\u00f3 s\u2019est\u00e0 transformant de forma accelerada com a conseq\u00fc\u00e8ncia de la necessitat d\u2019incorporar solucions de mobilitat m\u00e9s netes i [&#8230;]<\/p>\n","protected":false},"author":2,"featured_media":4841,"comment_status":"closed","ping_status":"closed","sticky":false,"template":"","format":"standard","meta":{"footnotes":"","_links_to":"","_links_to_target":""},"categories":[98],"tags":[],"class_list":["post-6041","post","type-post","status-publish","format-standard","has-post-thumbnail","hentry","category-seminario"],"_links":{"self":[{"href":"https:\/\/fecavem.com\/es\/wp-json\/wp\/v2\/posts\/6041","targetHints":{"allow":["GET"]}}],"collection":[{"href":"https:\/\/fecavem.com\/es\/wp-json\/wp\/v2\/posts"}],"about":[{"href":"https:\/\/fecavem.com\/es\/wp-json\/wp\/v2\/types\/post"}],"author":[{"embeddable":true,"href":"https:\/\/fecavem.com\/es\/wp-json\/wp\/v2\/users\/2"}],"replies":[{"embeddable":true,"href":"https:\/\/fecavem.com\/es\/wp-json\/wp\/v2\/comments?post=6041"}],"version-history":[{"count":1,"href":"https:\/\/fecavem.com\/es\/wp-json\/wp\/v2\/posts\/6041\/revisions"}],"predecessor-version":[{"id":6042,"href":"https:\/\/fecavem.com\/es\/wp-json\/wp\/v2\/posts\/6041\/revisions\/6042"}],"wp:featuredmedia":[{"embeddable":true,"href":"https:\/\/fecavem.com\/es\/wp-json\/wp\/v2\/media\/4841"}],"wp:attachment":[{"href":"https:\/\/fecavem.com\/es\/wp-json\/wp\/v2\/media?parent=6041"}],"wp:term":[{"taxonomy":"category","embeddable":true,"href":"https:\/\/fecavem.com\/es\/wp-json\/wp\/v2\/categories?post=6041"},{"taxonomy":"post_tag","embeddable":true,"href":"https:\/\/fecavem.com\/es\/wp-json\/wp\/v2\/tags?post=6041"}],"curies":[{"name":"wp","href":"https:\/\/api.w.org\/{rel}","templated":true}]}}