{"id":6060,"date":"2021-07-31T11:56:20","date_gmt":"2021-07-31T11:56:20","guid":{"rendered":"https:\/\/fecavem.com\/formacio-joves-cursos-insititut-gremi-motor-electric-automocio-fecavem\/"},"modified":"2022-07-28T13:27:09","modified_gmt":"2022-07-28T13:27:09","slug":"formacio-joves-cursos-insititut-gremi-motor-electric-automocio-fecavem","status":"publish","type":"post","link":"https:\/\/fecavem.com\/es\/formacio-joves-cursos-insititut-gremi-motor-electric-automocio-fecavem\/","title":{"rendered":"Nous cursos de formaci\u00f3, tamb\u00e9 en vehicles el\u00e8ctrics"},"content":{"rendered":"\n<p>Ja es poden matricular els alumnes al<a href=\"http:\/\/www.gremidelmotor.org\/gremidelmotor_pagina?idcontenido=7976\" rel=\"noopener\"> curs de comercials de l\u2019Automoci\u00f3<\/a> que comen\u00e7a el proper mes de setembre. Entrem en la quarta edici\u00f3 del nostre projecte formatiu amb l\u2019inestimable suport i col\u00b7laboraci\u00f3 dels <strong>instituts Joan Brossa de Barcelona i Montserrat Roig de Terrassa<\/strong>.&nbsp;<\/p>\n\n\n\n<p>Aquesta oferta formativa als joves consisteix en un <strong>curs de Formaci\u00f3 Professional de Grau Superior de gesti\u00f3 de vendes i espais comercials <\/strong>amb orientaci\u00f3 a l\u2019automoci\u00f3 que impartim en r\u00e8gim dual. Aix\u00f2 vol dir que la formaci\u00f3 s\u2019inicia a l\u2019institut i m\u00e9s tard es completa i en el centre de treball.&nbsp;<\/p>\n\n\n\n<figure class=\"wp-block-image size-full\"><img loading=\"lazy\" decoding=\"async\" width=\"640\" height=\"480\" src=\"https:\/\/fecavem.com\/wp-content\/uploads\/2021\/07\/image1.jpeg\" alt=\"\" class=\"wp-image-3079\" srcset=\"https:\/\/fecavem.com\/wp-content\/uploads\/2021\/07\/image1.jpeg 640w, https:\/\/fecavem.com\/wp-content\/uploads\/2021\/07\/image1-300x225.jpeg 300w\" sizes=\"auto, (max-width: 640px) 100vw, 640px\" \/><figcaption>Alumnes dels darrers cursos<\/figcaption><\/figure>\n\n\n\n<p>A m\u00e9s de posar en contacte els alumnes amb les empreses del sector, la tasca del Gremi del Motor \u00e9s assegurar que la formaci\u00f3 dels joves en l\u2019\u00e0rea comercial de l\u2019automoci\u00f3 sigui de qualitat. En aquesta l\u00ednia, us informem que hem renovat els continguts i material docent de cara a aquesta nova edici\u00f3. El pas del temps i els profunds canvis en el sector i els derivats de la pand\u00e8mia per la Covid-19 ens ha obligat. El nou contingut l\u2019hem traslladat al professorat dels instituts a trav\u00e9s del nostre equip d\u2019experts, els responsables David Ortega i Miquel Sent\u00eds.<\/p>\n\n\n\n<h2 class=\"wp-block-heading\">Formaci\u00f3 de suport per la venda de vehicles el\u00e8ctrics&nbsp;<\/h2>\n\n\n\n<p>Per\u00f2 encara tenim m\u00e9s novetats per presentar. Tamb\u00e9 el setembre llan\u00e7arem una<strong> proposta formativa de nivell b\u00e0sic i mitj\u00e0 d&#8217;1 i 2 dies de durada respectivament<\/strong>, dirigida al personal en actiu per formar els equips comercials i el servei postvenda, amb la finalitat de garantir la seguretat de les persones. El voltatge dels motors el\u00e8ctrics s\u2019ha de con\u00e8ixer i el coneixement i la capacitaci\u00f3 \u00e9s necess\u00e0ria. La nostra proposta formativa segueix els est\u00e1ndards de la <a href=\"https:\/\/www.arbeitssicherheit.de\/schriften\/dokument\/0%3A5775990%2C1.html\" rel=\"noopener\">informaci\u00f3 200-006 de la DGUV.<\/a><\/p>\n\n\n\n<p>La formaci\u00f3 es pot fer en el <strong>centre de formaci\u00f3 i a<\/strong>lternativament en unes instal\u00b7lacions d\u2019empresa si compleixen uns determinats requisits.&nbsp;Tots els interessats, esteu atents perqu\u00e8 llan\u00e7arem aquesta proposta que us recomanem seguir perqu\u00e8 moltes empreses ja comercialitzen i reparen vehicles el\u00e8ctrics.<\/p>\n","protected":false},"excerpt":{"rendered":"<p>Ja es poden matricular els alumnes al curs de comercials de l\u2019Automoci\u00f3 que comen\u00e7a el proper mes de setembre. Entrem en la quarta edici\u00f3 del nostre projecte formatiu amb l\u2019inestimable suport i col\u00b7laboraci\u00f3 dels instituts Joan Brossa de Barcelona i Montserrat Roig de Terrassa.&nbsp; Aquesta oferta formativa als joves consisteix en un curs de Formaci\u00f3 [&#8230;]<\/p>\n","protected":false},"author":2,"featured_media":4831,"comment_status":"closed","ping_status":"closed","sticky":false,"template":"","format":"standard","meta":{"footnotes":"","_links_to":"","_links_to_target":""},"categories":[91,76],"tags":[],"class_list":["post-6060","post","type-post","status-publish","format-standard","has-post-thumbnail","hentry","category-gremi-del-motor-es","category-sin-categorizar"],"_links":{"self":[{"href":"https:\/\/fecavem.com\/es\/wp-json\/wp\/v2\/posts\/6060","targetHints":{"allow":["GET"]}}],"collection":[{"href":"https:\/\/fecavem.com\/es\/wp-json\/wp\/v2\/posts"}],"about":[{"href":"https:\/\/fecavem.com\/es\/wp-json\/wp\/v2\/types\/post"}],"author":[{"embeddable":true,"href":"https:\/\/fecavem.com\/es\/wp-json\/wp\/v2\/users\/2"}],"replies":[{"embeddable":true,"href":"https:\/\/fecavem.com\/es\/wp-json\/wp\/v2\/comments?post=6060"}],"version-history":[{"count":1,"href":"https:\/\/fecavem.com\/es\/wp-json\/wp\/v2\/posts\/6060\/revisions"}],"predecessor-version":[{"id":6062,"href":"https:\/\/fecavem.com\/es\/wp-json\/wp\/v2\/posts\/6060\/revisions\/6062"}],"wp:featuredmedia":[{"embeddable":true,"href":"https:\/\/fecavem.com\/es\/wp-json\/wp\/v2\/media\/4831"}],"wp:attachment":[{"href":"https:\/\/fecavem.com\/es\/wp-json\/wp\/v2\/media?parent=6060"}],"wp:term":[{"taxonomy":"category","embeddable":true,"href":"https:\/\/fecavem.com\/es\/wp-json\/wp\/v2\/categories?post=6060"},{"taxonomy":"post_tag","embeddable":true,"href":"https:\/\/fecavem.com\/es\/wp-json\/wp\/v2\/tags?post=6060"}],"curies":[{"name":"wp","href":"https:\/\/api.w.org\/{rel}","templated":true}]}}