{"id":6066,"date":"2021-07-31T11:24:29","date_gmt":"2021-07-31T11:24:29","guid":{"rendered":"https:\/\/fecavem.com\/perte-maroto-morant-fecavem-automocio\/"},"modified":"2022-07-28T13:27:58","modified_gmt":"2022-07-28T13:27:58","slug":"perte-maroto-morant-fecavem-automocio","status":"publish","type":"post","link":"https:\/\/fecavem.com\/es\/perte-maroto-morant-fecavem-automocio\/","title":{"rendered":"Qu\u00e8 aportar\u00e0 el PERTE?"},"content":{"rendered":"\n<p>Amb l&#8217;aprovaci\u00f3 del Pla estrat\u00e8gic per a la recuperaci\u00f3 i transformaci\u00f3 econ\u00f2mica (PERTE) de l\u2019Estat espanyol, un dels objectius marcats \u00e9s impulsar el vehicle el\u00e8ctric, amb una <strong>dotaci\u00f3 de fonts p\u00fablics de 4.300 milions d\u2019euros.<\/strong><\/p>\n\n\n\n<p>Aquesta decisi\u00f3 refor\u00e7a el sector de l\u2019automoci\u00f3 perqu\u00e8 est\u00e0 immers en una aut\u00e8ntica revoluci\u00f3 i cal avan\u00e7ar en la seva transformaci\u00f3. Els<strong> primers recursos p\u00fablics procedents del programa europeu Next Generation<\/strong> van, per tant, en una direcci\u00f3 encertada. Ara b\u00e9, el cam\u00ed no es preveu f\u00e0cil: gaireb\u00e9 9 de cada 10 vehicles produ\u00efts al pa\u00eds s\u00f3n de combusti\u00f3 i els vehicles que opten a les ajudes p\u00fabliques MOVES no arriben al 8% dels vehicles matriculats.<\/p>\n\n\n\n<p>La<strong> Ministra d\u2019Ind\u00fastria, Comer\u00e7 i Turisme, Reyes Maroto<\/strong>, va reunir la taula de l\u2019automoci\u00f3 formada per les patronals, sindicats i autonomies, on tamb\u00e9 estava present el nostre president Jaume Roura. La ministra va demanar el recolzament de tots els implicats. I, en paral\u00b7lel, <strong>la nova ministra de Ci\u00e8ncia i Innovaci\u00f3, Diana Morant<\/strong>, va destacar que el prop\u00f2sit de l\u2019ajuda \u00e9s la transformaci\u00f3 i no tornar a assolir el volum de matriculacions d&#8217;abans de la pand\u00e8mia.<\/p>\n\n\n\n<figure class=\"wp-block-image size-full\"><img loading=\"lazy\" decoding=\"async\" width=\"785\" height=\"589\" src=\"https:\/\/fecavem.com\/wp-content\/uploads\/2021\/07\/252309.jpeg\" alt=\"\" class=\"wp-image-3072\" srcset=\"https:\/\/fecavem.com\/wp-content\/uploads\/2021\/07\/252309.jpeg 785w, https:\/\/fecavem.com\/wp-content\/uploads\/2021\/07\/252309-300x225.jpeg 300w, https:\/\/fecavem.com\/wp-content\/uploads\/2021\/07\/252309-768x576.jpeg 768w, https:\/\/fecavem.com\/wp-content\/uploads\/2021\/07\/252309-750x563.jpeg 750w\" sizes=\"auto, (max-width: 785px) 100vw, 785px\" \/><figcaption>La ministra de Ci\u00e8ncia i Innovaci\u00f3, Diana Morant<\/figcaption><\/figure>\n\n\n\n<p>Des de Fecavem, tan sols podem traslladar els nostres millors desitjos per aquesta iniciativa i esperem que vinguin properament nous PERTES als que es puguin acollir tota la cadena de valor del sector de l&#8217;automoci\u00f3.<\/p>\n","protected":false},"excerpt":{"rendered":"<p>Amb l&#8217;aprovaci\u00f3 del Pla estrat\u00e8gic per a la recuperaci\u00f3 i transformaci\u00f3 econ\u00f2mica (PERTE) de l\u2019Estat espanyol, un dels objectius marcats \u00e9s impulsar el vehicle el\u00e8ctric, amb una dotaci\u00f3 de fonts p\u00fablics de 4.300 milions d\u2019euros. Aquesta decisi\u00f3 refor\u00e7a el sector de l\u2019automoci\u00f3 perqu\u00e8 est\u00e0 immers en una aut\u00e8ntica revoluci\u00f3 i cal avan\u00e7ar en la seva [&#8230;]<\/p>\n","protected":false},"author":2,"featured_media":4828,"comment_status":"closed","ping_status":"closed","sticky":false,"template":"","format":"standard","meta":{"footnotes":"","_links_to":"","_links_to_target":""},"categories":[107],"tags":[],"class_list":["post-6066","post","type-post","status-publish","format-standard","has-post-thumbnail","hentry","category-ayudas-publicas"],"_links":{"self":[{"href":"https:\/\/fecavem.com\/es\/wp-json\/wp\/v2\/posts\/6066","targetHints":{"allow":["GET"]}}],"collection":[{"href":"https:\/\/fecavem.com\/es\/wp-json\/wp\/v2\/posts"}],"about":[{"href":"https:\/\/fecavem.com\/es\/wp-json\/wp\/v2\/types\/post"}],"author":[{"embeddable":true,"href":"https:\/\/fecavem.com\/es\/wp-json\/wp\/v2\/users\/2"}],"replies":[{"embeddable":true,"href":"https:\/\/fecavem.com\/es\/wp-json\/wp\/v2\/comments?post=6066"}],"version-history":[{"count":1,"href":"https:\/\/fecavem.com\/es\/wp-json\/wp\/v2\/posts\/6066\/revisions"}],"predecessor-version":[{"id":6067,"href":"https:\/\/fecavem.com\/es\/wp-json\/wp\/v2\/posts\/6066\/revisions\/6067"}],"wp:featuredmedia":[{"embeddable":true,"href":"https:\/\/fecavem.com\/es\/wp-json\/wp\/v2\/media\/4828"}],"wp:attachment":[{"href":"https:\/\/fecavem.com\/es\/wp-json\/wp\/v2\/media?parent=6066"}],"wp:term":[{"taxonomy":"category","embeddable":true,"href":"https:\/\/fecavem.com\/es\/wp-json\/wp\/v2\/categories?post=6066"},{"taxonomy":"post_tag","embeddable":true,"href":"https:\/\/fecavem.com\/es\/wp-json\/wp\/v2\/tags?post=6066"}],"curies":[{"name":"wp","href":"https:\/\/api.w.org\/{rel}","templated":true}]}}