{"id":6333,"date":"2022-07-19T16:04:42","date_gmt":"2022-07-19T16:04:42","guid":{"rendered":"https:\/\/fecavem.com\/el-president-del-gremi-del-motor-jaume-roura-escollit-com-a-vicepresident-de-foment-del-treball\/"},"modified":"2022-07-28T08:51:47","modified_gmt":"2022-07-28T08:51:47","slug":"presidente-gremi-motor-jaume-roura-elegido-vicepresidente-foment-treball","status":"publish","type":"post","link":"https:\/\/fecavem.com\/es\/presidente-gremi-motor-jaume-roura-elegido-vicepresidente-foment-treball\/","title":{"rendered":"El presidente del Gremio del Motor, Jaume Roura, elegido como vicepresidente de Foment del Treball"},"content":{"rendered":"\n<p>La nueva Junta Directiva de Foment del Treball contar\u00e1 con la vicepresidencia del se\u00f1or Jaume Roura i Calls, como presidente de nuestro Gremio del Motor y tambi\u00e9n de Fecavem, con el que representa a la patronal UPM. Celebramos que la automoci\u00f3n tambi\u00e9n quede bien representada en la patronal m\u00e1s importante de los aut\u00f3nomos, micro pymes, pymes y grandes empresas de Catalunya.<\/p>\n\n\n\n<p>As\u00ed pues, la Asamblea General de Foment ha ratificado la elecci\u00f3n de Josep S\u00e1nchez Llibre como presidente de la instituci\u00f3n, una vez ha sido proclamado por la Mesa Electoral. La candidatura de S\u00e1nchez Llibre ha sido la \u00fanica presentada en el proceso electoral que ha culminado hoy con la ratificaci\u00f3n tambi\u00e9n de los nuevos vocales de la Junta Directiva. Al presentarse solo una sola candidatura a la Presidencia de Fomento y 76 candidaturas para sendas vocal\u00edas de la Junta Directiva, no ha sido necesario someter a los candidatos al sufragio de los electores de la Asamblea.<br><br>Desde el Gremio del Motor y, por extensi\u00f3n, la Patronal Fecavem, queremos felicitar al se\u00f1or Josep S\u00e1nchez Llibre por este segundo mandato que coincide con el cierre del aniversario de la entidad, con 250 a\u00f1os de historia a sus espaldas. Por otra parte, los retos sociales y econ\u00f3micos que se plantean por los pr\u00f3ximos cuatro a\u00f1os de mandato no son menores, teniendo en cuenta la situaci\u00f3n pol\u00edtica y econ\u00f3mica que estamos viviendo: en total ya sumamos tres crisis desde 2008, contando la guerra de Ucrania.<\/p>\n","protected":false},"excerpt":{"rendered":"<p>La nueva Junta Directiva de Foment del Treball contar\u00e1 con la vicepresidencia del se\u00f1or Jaume Roura i Calls, como presidente de nuestro Gremio del Motor y tambi\u00e9n de Fecavem, con el que representa a la patronal UPM. Celebramos que la automoci\u00f3n tambi\u00e9n quede bien representada en la patronal m\u00e1s importante de los aut\u00f3nomos, micro pymes, [&#8230;]<\/p>\n","protected":false},"author":2,"featured_media":6331,"comment_status":"closed","ping_status":"closed","sticky":false,"template":"","format":"standard","meta":{"footnotes":"","_links_to":"","_links_to_target":""},"categories":[91],"tags":[],"class_list":["post-6333","post","type-post","status-publish","format-standard","has-post-thumbnail","hentry","category-gremi-del-motor-es"],"_links":{"self":[{"href":"https:\/\/fecavem.com\/es\/wp-json\/wp\/v2\/posts\/6333","targetHints":{"allow":["GET"]}}],"collection":[{"href":"https:\/\/fecavem.com\/es\/wp-json\/wp\/v2\/posts"}],"about":[{"href":"https:\/\/fecavem.com\/es\/wp-json\/wp\/v2\/types\/post"}],"author":[{"embeddable":true,"href":"https:\/\/fecavem.com\/es\/wp-json\/wp\/v2\/users\/2"}],"replies":[{"embeddable":true,"href":"https:\/\/fecavem.com\/es\/wp-json\/wp\/v2\/comments?post=6333"}],"version-history":[{"count":2,"href":"https:\/\/fecavem.com\/es\/wp-json\/wp\/v2\/posts\/6333\/revisions"}],"predecessor-version":[{"id":6559,"href":"https:\/\/fecavem.com\/es\/wp-json\/wp\/v2\/posts\/6333\/revisions\/6559"}],"wp:featuredmedia":[{"embeddable":true,"href":"https:\/\/fecavem.com\/es\/wp-json\/wp\/v2\/media\/6331"}],"wp:attachment":[{"href":"https:\/\/fecavem.com\/es\/wp-json\/wp\/v2\/media?parent=6333"}],"wp:term":[{"taxonomy":"category","embeddable":true,"href":"https:\/\/fecavem.com\/es\/wp-json\/wp\/v2\/categories?post=6333"},{"taxonomy":"post_tag","embeddable":true,"href":"https:\/\/fecavem.com\/es\/wp-json\/wp\/v2\/tags?post=6333"}],"curies":[{"name":"wp","href":"https:\/\/api.w.org\/{rel}","templated":true}]}}