{"id":6892,"date":"2022-08-02T20:26:48","date_gmt":"2022-08-02T20:26:48","guid":{"rendered":"https:\/\/fecavem.com\/?p=6892"},"modified":"2022-08-03T11:30:57","modified_gmt":"2022-08-03T11:30:57","slug":"informe-matriculaciones-vehiculos-motor-julio-2022-catalunya","status":"publish","type":"post","link":"https:\/\/fecavem.com\/es\/informe-matriculaciones-vehiculos-motor-julio-2022-catalunya\/","title":{"rendered":"Informe matriculaciones de veh\u00edculos a motor, julio 2022 en Catalunya"},"content":{"rendered":"\n<h2 class=\"wp-block-heading\"><a>Valoraci\u00f3n de coyuntura<\/a><\/h2>\n\n\n\n<p>Repetimos un mes con el mismo escenario de dificultad para encontrar veh\u00edculos nuevos y usados. Esta escasez <strong>encontrar producto desemboca con un incremento de precios que desde Anfac estiman de un 6% de media en el nuevo y que Coches.net estima en un 30% en el usado. <\/strong>La inflaci\u00f3n sigue desbordada y los precios energ\u00e9ticos altos. Este marco afecta a la decisi\u00f3n de compra y muchos ciudadanos y empresas optan por el veh\u00edculo usado como soluci\u00f3n alternativa.<\/p>\n\n\n\n<p>As\u00ed pues, el mercado sigue deprimido<strong>, en una oferta que de producto se va encareciendo <\/strong>y con un sector que, como otros muchos, debe hacer frente a una transformaci\u00f3n de 360 \u200b\u200bgrados, ante las externalidades negativas que se le atribuyen, como son las emisiones ambientales o la siniestralidad.<\/p>\n\n\n\n<p>Los veh\u00edculos actuales<strong> incorporan tecnolog\u00eda muy innovadora que corrigen a la baja las emisiones y aportan medidas que reducen la siniestralidad<\/strong> con elementos de seguridad preventiva, activa y pasiva, pero se incorporan demasiado despacio al mercado.<\/p>\n\n\n\n<p>\u00daltimamente, el gobierno espa\u00f1ol ha adoptado medidas centradas en fomentar el transporte p\u00fablico, una medida que tiene un beneficios<strong>o impacto en parte de la ciudadan\u00eda: aquella que tiene acceso a la red p\u00fablica, pero desgraciadamente no se extienden al sector de la automoci\u00f3n<\/strong>, uno de los pilares de la econom\u00eda productiva y el empleo de nuestro pa\u00eds.<\/p>\n\n\n\n<p>Para la<strong> incorporaci\u00f3n de veh\u00edculos m\u00e1s eficientes y dinamizar la actividad del sector, urge una reforma de la fiscalidad actual. <\/strong>El entorno deprimido del sector choca con datos sorprendentes de recaudaci\u00f3n fiscal vinculada al autom\u00f3vil, que <strong>en 2021, la recaudaci\u00f3n fiscal ha subido un 15,9%.<\/strong> En cuanto a la recaudaci\u00f3n vinculada al veh\u00edculo nuevo, \u00e9sta subi\u00f3 un 9,7%, aunque las matriculaciones s\u00f3lo variaron un 0,3%. Por tanto, la presi\u00f3n fiscal relacionada con la matriculaci\u00f3n de veh\u00edculos ha subido. Y en cuanto a la recaudaci\u00f3n de consumo del carburante, subi\u00f3 un 20,5%, siguiendo la estela de la subida de precios de la energ\u00eda.<\/p>\n\n\n\n<div class=\"wp-block-buttons is-layout-flex wp-block-buttons-is-layout-flex\">\n<div class=\"wp-block-button aligncenter\"><a class=\"wp-block-button__link\" href=\"https:\/\/infogram.com\/fecavem-dades-sectorials-recaptacio-fiscal-1h7v4pz8537j6k0?live\" rel=\"noopener\">INFOGRAM DE LA RECAPTACI\u00d3N TRIBUTARIA<\/a><\/div>\n<\/div>\n\n\n\n<p><\/p>\n\n\n\n<p><strong>El portavoz de Fecavem, Joan Blancafort, afirma que el Gobierno tiene margen de actuaci\u00f3n para cambiar la din\u00e1mica del sector.<\/strong><\/p>\n\n\n\n<h2 class=\"wp-block-heading\"><a>\u00bfCu\u00e1les son los principales datos de matriculaciones en Catalunya? <\/a><\/h2>\n\n\n\n<figure class=\"wp-block-image size-large\"><img loading=\"lazy\" decoding=\"async\" width=\"1024\" height=\"236\" src=\"https:\/\/fecavem.com\/wp-content\/uploads\/2022\/08\/Imagen1-1024x236.png\" alt=\"\" class=\"wp-image-6858\" srcset=\"https:\/\/fecavem.com\/wp-content\/uploads\/2022\/08\/Imagen1-1024x236.png 1024w, https:\/\/fecavem.com\/wp-content\/uploads\/2022\/08\/Imagen1-300x69.png 300w, https:\/\/fecavem.com\/wp-content\/uploads\/2022\/08\/Imagen1-768x177.png 768w, https:\/\/fecavem.com\/wp-content\/uploads\/2022\/08\/Imagen1-750x173.png 750w, https:\/\/fecavem.com\/wp-content\/uploads\/2022\/08\/Imagen1-1140x262.png 1140w, https:\/\/fecavem.com\/wp-content\/uploads\/2022\/08\/Imagen1.png 1203w\" sizes=\"auto, (max-width: 1024px) 100vw, 1024px\" \/><\/figure>\n\n\n\n<p>En este informe facilitamos datos de matriculaciones de turismos y todoterrenos (autom\u00f3viles de turismo nuevos), tambi\u00e9n la suma de ciclomotores y motocicletas (dos ruedas) y las matriculaciones de furgonetas y furgones.<\/p>\n\n\n\n<p>Las matriculaciones de autom\u00f3viles de<strong> turismo descienden un 17,2%, los veh\u00edculos de dos ruedas bajan un 8,4% y las furgonetas y furgones descienden un 23,1% este mes de julio<\/strong>. Son datos que evidencian que en los siete primeros meses del a\u00f1o, las matriculaciones de turismos descienden un 11,6%, los veh\u00edculos de dos ruedas suben un 9% y furgonetas y furgones bajan un 37,8%.<\/p>\n\n\n\n<h2 class=\"wp-block-heading\"><a>Las matriculaciones de autom\u00f3viles de turismos nuevos por provincia<\/a><\/h2>\n\n\n\n<figure class=\"wp-block-image size-full\"><img loading=\"lazy\" decoding=\"async\" width=\"1011\" height=\"915\" src=\"https:\/\/fecavem.com\/wp-content\/uploads\/2022\/08\/Imagen2.png\" alt=\"\" class=\"wp-image-6860\" srcset=\"https:\/\/fecavem.com\/wp-content\/uploads\/2022\/08\/Imagen2.png 1011w, https:\/\/fecavem.com\/wp-content\/uploads\/2022\/08\/Imagen2-300x272.png 300w, https:\/\/fecavem.com\/wp-content\/uploads\/2022\/08\/Imagen2-768x695.png 768w, https:\/\/fecavem.com\/wp-content\/uploads\/2022\/08\/Imagen2-750x679.png 750w\" sizes=\"auto, (max-width: 1011px) 100vw, 1011px\" \/><\/figure>\n\n\n\n<p>Las matriculaciones de autom\u00f3viles de turismo y todoterrenos en Catalu\u00f1a descienden un 17,2%. En Catalu\u00f1a existen 8.975 unidades matriculadas. Por provincias, Barcelona presenta una variaci\u00f3n interanual del \u201319,7%. <strong>El peso de la provincia de Barcelona en el mercado catal\u00e1n se concreta en un 74%. Por su parte, Girona desciende un 3,5%, Lleida un 22,5% y Tarragona un 6,4%<\/strong>.<\/p>\n\n\n\n<figure class=\"wp-block-image size-large\"><img loading=\"lazy\" decoding=\"async\" width=\"1024\" height=\"892\" src=\"https:\/\/fecavem.com\/wp-content\/uploads\/2022\/08\/Imagen3-1024x892.png\" alt=\"\" class=\"wp-image-6862\" srcset=\"https:\/\/fecavem.com\/wp-content\/uploads\/2022\/08\/Imagen3-1024x892.png 1024w, https:\/\/fecavem.com\/wp-content\/uploads\/2022\/08\/Imagen3-300x261.png 300w, https:\/\/fecavem.com\/wp-content\/uploads\/2022\/08\/Imagen3-768x669.png 768w, https:\/\/fecavem.com\/wp-content\/uploads\/2022\/08\/Imagen3-750x653.png 750w, https:\/\/fecavem.com\/wp-content\/uploads\/2022\/08\/Imagen3.png 1041w\" sizes=\"auto, (max-width: 1024px) 100vw, 1024px\" \/><\/figure>\n\n\n\n<p>En Catalu\u00f1a, el acumulado anual se cifra en <strong>un -11,6% y 59.073 unidades matriculadas.<\/strong> Por provincias, Barcelona presenta una variaci\u00f3n interanual del \u201314,9% en el acumulado de a\u00f1o. Girona desciende un -2,6%, Lleida queda por debajo en un -7,45% y Tarragona mantiene un acumulado positivo de un 4,7%.<\/p>\n\n\n\n<h2 class=\"wp-block-heading\"><a>El mercado catal\u00e1n de empresa y alquiler baja<\/a><\/h2>\n\n\n\n<figure class=\"wp-block-image size-large\"><img loading=\"lazy\" decoding=\"async\" width=\"1024\" height=\"382\" src=\"https:\/\/fecavem.com\/wp-content\/uploads\/2022\/08\/Imagen4-1024x382.png\" alt=\"\" class=\"wp-image-6864\" srcset=\"https:\/\/fecavem.com\/wp-content\/uploads\/2022\/08\/Imagen4-1024x382.png 1024w, https:\/\/fecavem.com\/wp-content\/uploads\/2022\/08\/Imagen4-300x112.png 300w, https:\/\/fecavem.com\/wp-content\/uploads\/2022\/08\/Imagen4-768x286.png 768w, https:\/\/fecavem.com\/wp-content\/uploads\/2022\/08\/Imagen4-750x280.png 750w, https:\/\/fecavem.com\/wp-content\/uploads\/2022\/08\/Imagen4-1140x425.png 1140w, https:\/\/fecavem.com\/wp-content\/uploads\/2022\/08\/Imagen4.png 1150w\" sizes=\"auto, (max-width: 1024px) 100vw, 1024px\" \/><\/figure>\n\n\n\n<p>En la comparativa con el conjunto del mercado espa\u00f1ol, <strong>en julio en Catalu\u00f1a baja un -17,2% y el conjunto estatal un -7,8%. <\/strong>El canal particular -canal preferente de los concesionarios-, en Catalu\u00f1a descendi\u00f3 un 11,6% y en el conjunto de Espa\u00f1a un 12,1%. Mantienen pues comportamientos muy parecidos. En Catalu\u00f1a, sin embargo, el peso sobre el total del mercado se cifra en un 67% y en cambio, en el conjunto espa\u00f1ol, un 42%. El mercado de particulares catal\u00e1n representa un 19,1% del total.<\/p>\n\n\n\n<p>El canal empresa<strong> representa un 30% en Catalu\u00f1a y desciende un 18,7% respecto al a\u00f1o anterior.<\/strong> En el conjunto espa\u00f1ol, el canal empresa representa tambi\u00e9n un 30% pero en comparaci\u00f3n con el a\u00f1o anterior sube un 2,7%. El canal empresa catal\u00e1n representa un peso del 8,8% del total, cifra absolutamente condicionada por la presi\u00f3n fiscal, concretamente el Impuesto sobre el CO2.<\/p>\n\n\n\n<p>El canal rentacar o alquile<strong>r representa un 3% en Catalu\u00f1a y desciende un 61,9%, un dato absolutamente rid\u00edculo atendiendo al peso del turismo catal\u00e1n.<\/strong> El canal de alquiler estatal representa un 15% de las matriculaciones y aunque cae un 38,9% interanual, en el conjunto del estado tiene un peso y relevancia que en Catalu\u00f1a no tiene.<\/p>\n\n\n\n<h2 class=\"wp-block-heading\"><a>La compra de autom\u00f3viles de turismos por canales ha cambiado por el impacto del Impuesto CO2<\/a><\/h2>\n\n\n\n<figure class=\"wp-block-image size-large\"><img loading=\"lazy\" decoding=\"async\" width=\"1024\" height=\"436\" src=\"https:\/\/fecavem.com\/wp-content\/uploads\/2022\/08\/Imagen5-1024x436.png\" alt=\"\" class=\"wp-image-6866\" srcset=\"https:\/\/fecavem.com\/wp-content\/uploads\/2022\/08\/Imagen5-1024x436.png 1024w, https:\/\/fecavem.com\/wp-content\/uploads\/2022\/08\/Imagen5-300x128.png 300w, https:\/\/fecavem.com\/wp-content\/uploads\/2022\/08\/Imagen5-768x327.png 768w, https:\/\/fecavem.com\/wp-content\/uploads\/2022\/08\/Imagen5-750x319.png 750w, https:\/\/fecavem.com\/wp-content\/uploads\/2022\/08\/Imagen5.png 1138w\" sizes=\"auto, (max-width: 1024px) 100vw, 1024px\" \/><\/figure>\n\n\n\n<p>Este cuadro presenta la evoluci\u00f3n del peso de los canales en Catalu\u00f1a respecto al total espa\u00f1ol. En 2014, el canal alquiler representaba un 4,3% y en lo que llevamos de ejercicio 2022, un 2,6%.<\/p>\n\n\n\n<p>Hay que<strong> tener en cuenta que en el a\u00f1o 2014 representaba un 20,6% el canal empresa y ahora s\u00f3lo representa un 8,65%. <\/strong>En los nueve a\u00f1os comparados, la p\u00e9rdida de peso de este canal es alarmantemente significativa.<\/p>\n\n\n\n<p>Y por \u00faltimo, el canal particular<strong> crece en Catalunya hasta llegar al 19%,<\/strong> en un entorno en el que este canal va perdiendo peso espec\u00edfico porque muchos compradores financian su compra con f\u00f3rmulas como el renting, los contratos de suscripci\u00f3n conocidos como lising.<\/p>\n\n\n\n<h2 class=\"wp-block-heading\"><a>Catalunya pierde peso espec\u00edfico en el conjunto de Espa\u00f1a<\/a><\/h2>\n\n\n\n<figure class=\"wp-block-image size-full\"><img loading=\"lazy\" decoding=\"async\" width=\"1013\" height=\"582\" src=\"https:\/\/fecavem.com\/wp-content\/uploads\/2022\/08\/Imagen6.png\" alt=\"\" class=\"wp-image-6868\" srcset=\"https:\/\/fecavem.com\/wp-content\/uploads\/2022\/08\/Imagen6.png 1013w, https:\/\/fecavem.com\/wp-content\/uploads\/2022\/08\/Imagen6-300x172.png 300w, https:\/\/fecavem.com\/wp-content\/uploads\/2022\/08\/Imagen6-768x441.png 768w, https:\/\/fecavem.com\/wp-content\/uploads\/2022\/08\/Imagen6-750x431.png 750w\" sizes=\"auto, (max-width: 1013px) 100vw, 1013px\" \/><\/figure>\n\n\n\n<p>Lejos queda ya el peso del 15,7% que ten\u00eda Catalu\u00f1a en el conjunto espa\u00f1ol y ahora nos situamos entre el 11% y el 12%, antes del anuncio del nuevo impuesto que grava el cambio clim\u00e1tico.<\/p>\n\n\n\n<h2 class=\"wp-block-heading\"><a>El mercado de la motocicleta en Catalunya padece la falta de producto<\/a><\/h2>\n\n\n\n<p>Este mes de julio <strong>en Catalu\u00f1a, la variaci\u00f3n interanual es del 10,9%. Barcelona presenta una bajada del \u201312,1% y 2.892 unidade<\/strong>s. Girona desciende un -8,6% y 521 unidades. Lleida desciende un -22,5% y 117 unidades. Y Tarragona matricula 393 unidades y tiene una variaci\u00f3n interanual del \u20130,3%.<\/p>\n\n\n\n<figure class=\"wp-block-image size-full\"><img loading=\"lazy\" decoding=\"async\" width=\"836\" height=\"504\" src=\"https:\/\/fecavem.com\/wp-content\/uploads\/2022\/08\/Imagen7.png\" alt=\"\" class=\"wp-image-6870\" srcset=\"https:\/\/fecavem.com\/wp-content\/uploads\/2022\/08\/Imagen7.png 836w, https:\/\/fecavem.com\/wp-content\/uploads\/2022\/08\/Imagen7-300x181.png 300w, https:\/\/fecavem.com\/wp-content\/uploads\/2022\/08\/Imagen7-768x463.png 768w, https:\/\/fecavem.com\/wp-content\/uploads\/2022\/08\/Imagen7-750x452.png 750w\" sizes=\"auto, (max-width: 836px) 100vw, 836px\" \/><\/figure>\n\n\n\n<figure class=\"wp-block-image size-full\"><img loading=\"lazy\" decoding=\"async\" width=\"881\" height=\"245\" src=\"https:\/\/fecavem.com\/wp-content\/uploads\/2022\/08\/Imagen8.png\" alt=\"\" class=\"wp-image-6872\" srcset=\"https:\/\/fecavem.com\/wp-content\/uploads\/2022\/08\/Imagen8.png 881w, https:\/\/fecavem.com\/wp-content\/uploads\/2022\/08\/Imagen8-300x83.png 300w, https:\/\/fecavem.com\/wp-content\/uploads\/2022\/08\/Imagen8-768x214.png 768w, https:\/\/fecavem.com\/wp-content\/uploads\/2022\/08\/Imagen8-750x209.png 750w\" sizes=\"auto, (max-width: 881px) 100vw, 881px\" \/><\/figure>\n\n\n\n<h2 class=\"wp-block-heading\"><a>El mercado de la motocicleta en Catalunya se desacelera<\/a><\/h2>\n\n\n\n<p>En el acumulado anual, en Catalu\u00f1a la variaci\u00f3n interanual es del +5% y 25.824 unidades matriculadas. Barcelona presenta una variaci\u00f3n interanual del 3,9% en el acumulado Gerona se sit\u00faa en un +5%, Lleida un -2,5% y Tarragona un 18,2%.<\/p>\n\n\n\n<p><strong>La dificultad para disponer de producto es uno de los factores b\u00e1sicos en la evoluci\u00f3n de las ventas de motocicletas, a lo largo de este a\u00f1o 2022.<\/strong><\/p>\n\n\n\n<figure class=\"wp-block-image size-full\"><img loading=\"lazy\" decoding=\"async\" width=\"603\" height=\"380\" src=\"https:\/\/fecavem.com\/wp-content\/uploads\/2022\/08\/Imagen9.png\" alt=\"\" class=\"wp-image-6874\" srcset=\"https:\/\/fecavem.com\/wp-content\/uploads\/2022\/08\/Imagen9.png 603w, https:\/\/fecavem.com\/wp-content\/uploads\/2022\/08\/Imagen9-300x189.png 300w\" sizes=\"auto, (max-width: 603px) 100vw, 603px\" \/><\/figure>\n\n\n\n<figure class=\"wp-block-image size-full\"><img loading=\"lazy\" decoding=\"async\" width=\"630\" height=\"173\" src=\"https:\/\/fecavem.com\/wp-content\/uploads\/2022\/08\/Imagen10.png\" alt=\"\" class=\"wp-image-6876\" srcset=\"https:\/\/fecavem.com\/wp-content\/uploads\/2022\/08\/Imagen10.png 630w, https:\/\/fecavem.com\/wp-content\/uploads\/2022\/08\/Imagen10-300x82.png 300w\" sizes=\"auto, (max-width: 630px) 100vw, 630px\" \/><\/figure>\n\n\n\n<h2 class=\"wp-block-heading\"><a>Ganan terreno las nuevas soluciones de motorizaciones<\/a><\/h2>\n\n\n\n<p>En el cuadro resumen por motorizaciones de mercado de autom\u00f3viles de turismo acumulado en Catalu\u00f1a, puede comprobarse que la motorizaci\u00f3n preferente del mercado es la de gasolina, con un 44,54%. <strong>El di\u00e9sel se sit\u00faa en un 10,41%. Los veh\u00edculos h\u00edbridos con gasolina representan un 15,62% y los el\u00e9ctricos puros (BEV) suman un 4,77%.<\/strong> En su conjunto, las motorizaciones alternativas a los motores di\u00e9sel y gasolina rozan la mitad, concretamente un 45%.<\/p>\n\n\n\n<figure class=\"wp-block-image size-large\"><img loading=\"lazy\" decoding=\"async\" width=\"1024\" height=\"678\" src=\"https:\/\/fecavem.com\/wp-content\/uploads\/2022\/08\/Imagen11-1024x678.png\" alt=\"\" class=\"wp-image-6878\" srcset=\"https:\/\/fecavem.com\/wp-content\/uploads\/2022\/08\/Imagen11-1024x678.png 1024w, https:\/\/fecavem.com\/wp-content\/uploads\/2022\/08\/Imagen11-300x199.png 300w, https:\/\/fecavem.com\/wp-content\/uploads\/2022\/08\/Imagen11-768x509.png 768w, https:\/\/fecavem.com\/wp-content\/uploads\/2022\/08\/Imagen11-750x497.png 750w, https:\/\/fecavem.com\/wp-content\/uploads\/2022\/08\/Imagen11.png 1111w\" sizes=\"auto, (max-width: 1024px) 100vw, 1024px\" \/><\/figure>\n\n\n\n<h2 class=\"wp-block-heading\"><a>Las motorizaciones alternativas se abren paso a los turismos<\/a><\/h2>\n\n\n\n<p>Este cuadro ilustra la progresi\u00f3n por carburantes.<strong> A lo largo del 2012, el motor de combusti\u00f3n superaba el 95% de las matriculaciones y con el paso de los a\u00f1os hasta el acumulado que llevamos del actual ejercicio 2022<\/strong>, donde el diesel ha perdido peso en el mercado. Actualmente es el motor de gasolina quien lidera un mercado muy repartido, donde el h\u00edbrido gasolina con el\u00e9ctrico es la segunda opci\u00f3n m\u00e1s elegida, con un 15,62%. El di\u00e9sel representa el 10,41% de las matriculaciones y el el\u00e9ctrico roza el 5%, con un 4,77%.<\/p>\n\n\n\n<figure class=\"wp-block-image size-large\"><img loading=\"lazy\" decoding=\"async\" width=\"1024\" height=\"495\" src=\"https:\/\/fecavem.com\/wp-content\/uploads\/2022\/08\/Imagen12-1024x495.png\" alt=\"\" class=\"wp-image-6880\" srcset=\"https:\/\/fecavem.com\/wp-content\/uploads\/2022\/08\/Imagen12-1024x495.png 1024w, https:\/\/fecavem.com\/wp-content\/uploads\/2022\/08\/Imagen12-300x145.png 300w, https:\/\/fecavem.com\/wp-content\/uploads\/2022\/08\/Imagen12-768x371.png 768w, https:\/\/fecavem.com\/wp-content\/uploads\/2022\/08\/Imagen12-750x362.png 750w, https:\/\/fecavem.com\/wp-content\/uploads\/2022\/08\/Imagen12-1140x551.png 1140w, https:\/\/fecavem.com\/wp-content\/uploads\/2022\/08\/Imagen12.png 1203w\" sizes=\"auto, (max-width: 1024px) 100vw, 1024px\" \/><\/figure>\n\n\n\n<h2 class=\"wp-block-heading\"><a>Los veh\u00edculos pesados siguen usando el di\u00e9sel, los ligeros incorporan las nuevas motorizaciones<\/a><\/h2>\n\n\n\n<p>En el cuadro anterior ponemos de manifiesto que los turismos incorporan nuevas motorizaciones. Pero este an\u00e1lisis no puede extrapolarse a otros tipos de veh\u00edculos. <strong>El combustible por excelencia en la motocicleta es la gasolina. <\/strong>Las furgonetas se abren a nuevas motorizaciones alternativas, como tambi\u00e9n ocurre en los turismos. El peso del el\u00e9ctrico es evidente en ciclomotores, soluci\u00f3n que adoptan muchas empresas del motosharing. La presencia del motor di\u00e9sel en los veh\u00edculos pesados \u200b\u200by furgones es muy importante.<\/p>\n\n\n\n<figure class=\"wp-block-image size-large\"><img loading=\"lazy\" decoding=\"async\" width=\"1024\" height=\"349\" src=\"https:\/\/fecavem.com\/wp-content\/uploads\/2022\/08\/Imagen13-1024x349.png\" alt=\"\" class=\"wp-image-6882\" srcset=\"https:\/\/fecavem.com\/wp-content\/uploads\/2022\/08\/Imagen13-1024x349.png 1024w, https:\/\/fecavem.com\/wp-content\/uploads\/2022\/08\/Imagen13-300x102.png 300w, https:\/\/fecavem.com\/wp-content\/uploads\/2022\/08\/Imagen13-768x262.png 768w, https:\/\/fecavem.com\/wp-content\/uploads\/2022\/08\/Imagen13-750x256.png 750w, https:\/\/fecavem.com\/wp-content\/uploads\/2022\/08\/Imagen13-1140x389.png 1140w, https:\/\/fecavem.com\/wp-content\/uploads\/2022\/08\/Imagen13.png 1203w\" sizes=\"auto, (max-width: 1024px) 100vw, 1024px\" \/><\/figure>\n\n\n\n<h2 class=\"wp-block-heading\"><a>Dacia Sandero reina la clasificaci\u00f3n por modelos de turismo y Honda SH 125, la de motos<\/a><\/h2>\n\n\n\n<p>El turismo m\u00e1s vendido en julio en Catalu\u00f1a es el Dacia Sandero con 383 unidades, seguido del Toyota Yaris con 300 unidades y el Hyundai Tucson con 296 unidades.<\/p>\n\n\n\n<p>En motocicletas, la Honda SH125 lidera con 258 unidades y en furgonetas, el modelo m\u00e1s vendido es el Peugeot Rifter, con 219 unidades.<\/p>\n\n\n\n<figure class=\"wp-block-image size-large\"><img loading=\"lazy\" decoding=\"async\" width=\"1024\" height=\"539\" src=\"https:\/\/fecavem.com\/wp-content\/uploads\/2022\/08\/Imagen14-1024x539.png\" alt=\"\" class=\"wp-image-6884\" srcset=\"https:\/\/fecavem.com\/wp-content\/uploads\/2022\/08\/Imagen14-1024x539.png 1024w, https:\/\/fecavem.com\/wp-content\/uploads\/2022\/08\/Imagen14-300x158.png 300w, https:\/\/fecavem.com\/wp-content\/uploads\/2022\/08\/Imagen14-768x404.png 768w, https:\/\/fecavem.com\/wp-content\/uploads\/2022\/08\/Imagen14-750x395.png 750w, https:\/\/fecavem.com\/wp-content\/uploads\/2022\/08\/Imagen14-1140x600.png 1140w, https:\/\/fecavem.com\/wp-content\/uploads\/2022\/08\/Imagen14.png 1203w\" sizes=\"auto, (max-width: 1024px) 100vw, 1024px\" \/><\/figure>\n\n\n\n<p>Los todoterrenos (SUV) ganan cuota de mercado en Catalu\u00f1a. <strong>El cuadro adjunto pone de manifiesto que los turismos pierden peso en el mercado respecto al SUV. En 2020, representaban un 64%, <\/strong>en 2021 bajan a un 62% y ahora se sit\u00faan en un 56%. De esta forma, los SUV representan un 35% en 2020, un 38% en 2021 y un 43% en 2022.<\/p>\n\n\n\n<figure class=\"wp-block-image size-full\"><img loading=\"lazy\" decoding=\"async\" width=\"625\" height=\"681\" src=\"https:\/\/fecavem.com\/wp-content\/uploads\/2022\/08\/Imagen15.png\" alt=\"\" class=\"wp-image-6886\" srcset=\"https:\/\/fecavem.com\/wp-content\/uploads\/2022\/08\/Imagen15.png 625w, https:\/\/fecavem.com\/wp-content\/uploads\/2022\/08\/Imagen15-275x300.png 275w\" sizes=\"auto, (max-width: 625px) 100vw, 625px\" \/><\/figure>\n\n\n\n<p><strong>Autores de la nota informativa<\/strong><\/p>\n\n\n\n<p>Fecavem es la patronal que representa a los comerciantes dedicados a la venta de veh\u00edculos en Catalu\u00f1a. Fecavem es el organismo que une el Gremi del Motor de Barcelona, \u200b\u200bCorve Girona, Astave Tarragona y Automoci\u00f3 Lleida. Coordina, gestiona, fomenta y defiende los intereses generales y comunes de \u00e9stas ante organismos e instituciones p\u00fablicas y privadas.<\/p>\n\n\n\n<p>El Gremi del Motor de Barcelona y Provincia, nacido en 1957, es una asociaci\u00f3n patronal que actualmente tiene un total de 1.030 agremiados y colaboradores, que representan 1.100 puntos de venta, agrupados como distribuidores de Marca de Autom\u00f3viles, Motocicletas y Veh\u00edculos Industriales, Agentes Oficiales y Compraventas. La entidad defiende los intereses colectivos y particulares de sus agremiados.<\/p>\n","protected":false},"excerpt":{"rendered":"<p>Valoraci\u00f3n de coyuntura Repetimos un mes con el mismo escenario de dificultad para encontrar veh\u00edculos nuevos y usados. Esta escasez encontrar producto desemboca con un incremento de precios que desde Anfac estiman de un 6% de media en el nuevo y que Coches.net estima en un 30% en el usado. La inflaci\u00f3n sigue desbordada y [&#8230;]<\/p>\n","protected":false},"author":2,"featured_media":6891,"comment_status":"closed","ping_status":"closed","sticky":false,"template":"","format":"standard","meta":{"footnotes":"","_links_to":"","_links_to_target":""},"categories":[90],"tags":[160,159,149,157,158],"class_list":["post-6892","post","type-post","status-publish","format-standard","has-post-thumbnail","hentry","category-matriculaciones","tag-furgonetas","tag-matriculaciones","tag-matriculacions-es","tag-motos-es","tag-tottereny-es"],"_links":{"self":[{"href":"https:\/\/fecavem.com\/es\/wp-json\/wp\/v2\/posts\/6892","targetHints":{"allow":["GET"]}}],"collection":[{"href":"https:\/\/fecavem.com\/es\/wp-json\/wp\/v2\/posts"}],"about":[{"href":"https:\/\/fecavem.com\/es\/wp-json\/wp\/v2\/types\/post"}],"author":[{"embeddable":true,"href":"https:\/\/fecavem.com\/es\/wp-json\/wp\/v2\/users\/2"}],"replies":[{"embeddable":true,"href":"https:\/\/fecavem.com\/es\/wp-json\/wp\/v2\/comments?post=6892"}],"version-history":[{"count":5,"href":"https:\/\/fecavem.com\/es\/wp-json\/wp\/v2\/posts\/6892\/revisions"}],"predecessor-version":[{"id":6915,"href":"https:\/\/fecavem.com\/es\/wp-json\/wp\/v2\/posts\/6892\/revisions\/6915"}],"wp:featuredmedia":[{"embeddable":true,"href":"https:\/\/fecavem.com\/es\/wp-json\/wp\/v2\/media\/6891"}],"wp:attachment":[{"href":"https:\/\/fecavem.com\/es\/wp-json\/wp\/v2\/media?parent=6892"}],"wp:term":[{"taxonomy":"category","embeddable":true,"href":"https:\/\/fecavem.com\/es\/wp-json\/wp\/v2\/categories?post=6892"},{"taxonomy":"post_tag","embeddable":true,"href":"https:\/\/fecavem.com\/es\/wp-json\/wp\/v2\/tags?post=6892"}],"curies":[{"name":"wp","href":"https:\/\/api.w.org\/{rel}","templated":true}]}}