{"id":7319,"date":"2022-08-31T13:34:41","date_gmt":"2022-08-31T13:34:41","guid":{"rendered":"https:\/\/fecavem.com\/?p=7319"},"modified":"2022-09-01T08:57:06","modified_gmt":"2022-09-01T08:57:06","slug":"septiembre-2022-jaume-roura-no-demagogia-yolanda-diaz","status":"publish","type":"post","link":"https:\/\/fecavem.com\/es\/septiembre-2022-jaume-roura-no-demagogia-yolanda-diaz\/","title":{"rendered":"Septiembre 2022 | Jaume Roura: \u00abNo necesitamos la demagogia de Yolanda D\u00edaz\u00bb"},"content":{"rendered":"\n<p>Cerramos un mes de agosto y un final de vacaciones que, como siempre y ya he dicho en anteriores ocasiones, representa el per\u00edodo m\u00e1s vol\u00e1til del a\u00f1o.<\/p>\n\n\n\n<p>Adem\u00e1s<strong>, ahora con la escasa disponibilidad de productos, a\u00fan m\u00e1s. Por tanto, subimos el \u00faltimo cuatrimestre de este 2022 con mucha incertidumbre motivada por todas las noticias que nos est\u00e1n llegando<\/strong>\u2026 Y seguir\u00e1n llegando. Costes energ\u00e9ticos disparados, una econom\u00eda fr\u00e1gil, paradas en las f\u00e1bricas por falta de materias primas o microchips como ha ocurrido en Opel, entre otros. Y a todo ello, es preciso sumar los ajustes salariales marcados a trav\u00e9s de los convenios que suponen una dificultad para llegar a acuerdos en una negociaci\u00f3n colectiva.<\/p>\n\n\n\n<p>La guinda de este \u00faltimo aspecto que acabo de citar ha sido <strong>la pol\u00e9mica alimentada por la vicepresidenta espa\u00f1ola y Ministra de Trabajo, Yolanda D\u00edaz. <\/strong>Una activista que, como gobernanta, deber\u00eda pensar para todos y tan s\u00f3lo busca su \u00e9xito personal en el nuevo proyecto que ha puesto en marcha, Sumar, para romper con su actual partido, Unidas-Podemos, y entrar en campa\u00f1a electoral en en lugar de pensar en un momento vital que no entiende de estrategias partidistas, sino de gesti\u00f3n y sensatez ante una crisis hist\u00f3rica. Pedimos a la Ministra, m\u00e1s responsabilidad y solidaridad.<\/p>\n\n\n\n<p>Con todo este panorama, necesitamos m\u00e1s que nunca, la unidad del sector y, a pesar de desde La Moncloa,<strong> sobre todo el PSOE, se ha desmarcado de D\u00edaz y ha alabado la labor de las patronales y la sensibilidad de \u00e9stas para encontrar un acuerdo con los sindicatos<\/strong>, habr\u00e1 que ver si somos capaces de encauzar un futuro estable.<\/p>\n\n\n\n<p>Por todo ello, ya estamos trabajando en celebrar diferentes jornadas con el objetivo de informar a todos y todas de los grandes interrogantes abiertos y las posibles soluciones para sobrevivir desde nuestras empresas. Os emplazo <strong>estar atentos a las convocatorias que puntualmente recibir\u00e1 desde nuestra newsletter.<\/strong><\/p>\n\n\n\n<p>Para terminar: quienes ya han consumido todas las vacaciones, como un servidor, hemos podido cargar bien las pilas. Buena falta nos va a hacer. Y quienes las har\u00e1 este septiembre, disfr\u00fatalas que tambi\u00e9n forma parte del trabajo poder descansar. \u00a1Bienvenidos a todos y todas, buen regreso y con fuerza y \u200b\u200b\u00e1nimos para esta nueva temporada!<\/p>\n\n\n\n<p><strong><em>Jaume Roura i Calls<\/em><\/strong><\/p>\n\n\n\n<p><strong><em>Presidente de Fecavem y el Gremi del Motor<\/em><\/strong><\/p>\n","protected":false},"excerpt":{"rendered":"<p>Cerramos un mes de agosto y un final de vacaciones que, como siempre y ya he dicho en anteriores ocasiones, representa el per\u00edodo m\u00e1s vol\u00e1til del a\u00f1o. Adem\u00e1s, ahora con la escasa disponibilidad de productos, a\u00fan m\u00e1s. Por tanto, subimos el \u00faltimo cuatrimestre de este 2022 con mucha incertidumbre motivada por todas las noticias que [&#8230;]<\/p>\n","protected":false},"author":2,"featured_media":7317,"comment_status":"closed","ping_status":"closed","sticky":false,"template":"","format":"standard","meta":{"footnotes":"","_links_to":"","_links_to_target":""},"categories":[96],"tags":[190,188,189],"class_list":["post-7319","post","type-post","status-publish","format-standard","has-post-thumbnail","hentry","category-jaume-roura-es","tag-patronales","tag-patronals-es","tag-yolanda-diaz-es"],"_links":{"self":[{"href":"https:\/\/fecavem.com\/es\/wp-json\/wp\/v2\/posts\/7319","targetHints":{"allow":["GET"]}}],"collection":[{"href":"https:\/\/fecavem.com\/es\/wp-json\/wp\/v2\/posts"}],"about":[{"href":"https:\/\/fecavem.com\/es\/wp-json\/wp\/v2\/types\/post"}],"author":[{"embeddable":true,"href":"https:\/\/fecavem.com\/es\/wp-json\/wp\/v2\/users\/2"}],"replies":[{"embeddable":true,"href":"https:\/\/fecavem.com\/es\/wp-json\/wp\/v2\/comments?post=7319"}],"version-history":[{"count":5,"href":"https:\/\/fecavem.com\/es\/wp-json\/wp\/v2\/posts\/7319\/revisions"}],"predecessor-version":[{"id":7340,"href":"https:\/\/fecavem.com\/es\/wp-json\/wp\/v2\/posts\/7319\/revisions\/7340"}],"wp:featuredmedia":[{"embeddable":true,"href":"https:\/\/fecavem.com\/es\/wp-json\/wp\/v2\/media\/7317"}],"wp:attachment":[{"href":"https:\/\/fecavem.com\/es\/wp-json\/wp\/v2\/media?parent=7319"}],"wp:term":[{"taxonomy":"category","embeddable":true,"href":"https:\/\/fecavem.com\/es\/wp-json\/wp\/v2\/categories?post=7319"},{"taxonomy":"post_tag","embeddable":true,"href":"https:\/\/fecavem.com\/es\/wp-json\/wp\/v2\/tags?post=7319"}],"curies":[{"name":"wp","href":"https:\/\/api.w.org\/{rel}","templated":true}]}}