{"id":7541,"date":"2022-09-12T10:13:46","date_gmt":"2022-09-12T10:13:46","guid":{"rendered":"https:\/\/fecavem.com\/?p=7541"},"modified":"2022-09-12T10:17:20","modified_gmt":"2022-09-12T10:17:20","slug":"fecavem-presente-pacto-nacional-industria","status":"publish","type":"post","link":"https:\/\/fecavem.com\/es\/fecavem-presente-pacto-nacional-industria\/","title":{"rendered":"Fecavem, presente en el Pacto Nacional para la Industria"},"content":{"rendered":"\n<p><strong>Todos los agentes econ\u00f3micos y sociales firmaron el nuevo Pacto Nacional para la Industria. El presidente de Fecavem, Jaume Roura y Calls, ha representado la automoci\u00f3n en estas tablas\u00a0en nombre de Foment del Treball Nacional.<\/strong><\/p>\n\n\n\n<p><br>M\u00e1s de 3.000 millones de euros se destinar\u00e1n a este nuevo Pacto hasta el 2025, con el objetivo de relanzar y transformar el modelo de nuestro pa\u00eds. El Govern de la Generalitat de Catalunya toma el nuevo compromiso en el que la metalurgia seguir\u00e1 teniendo un peso predominante y deber\u00e1 liderar los fondos del Next Generation, incluidos en este presupuesto. El objetivo principal es incrementar el peso de la industria hasta el 25% del PIB en 2030. Pero tambi\u00e9n cinco l\u00edneas de actuaci\u00f3n que van desde la sostenibilidad y la igualdad de g\u00e9nero hasta la concreci\u00f3n de cifras, como el 42 % marcado en electrificaci\u00f3n.<\/p>\n\n\n\n<p>Si entramos en el detalle del reparto de los 3.000 millones, por a\u00f1os que comporta el pacto, este 2022 ya se destinan: 940 M\/\u20ac en 2022; 793 M\/\u20ac en 2023; 758,8 M\/\u20ac en 2024; 708,5 M\/\u20ac en 2025. Algunos de los retos de este Pacto se arrastran ya de los anteriores, como el despliegue de la fibra \u00f3ptica que actualmente est\u00e1 en poco m\u00e1s del 70% de los pol\u00edgonos de actividad econ\u00f3mica de Catalunya. Y, aunque no ha sido el tema destacado sobre la mesa, s\u00ed han confirmado que la voluntad indirecta de este pacto es atraer el retorno de las sedes sociales de aquellas empresas que se marcharon tras el refer\u00e9ndum del 1 de octubre de 2017.<\/p>\n\n\n\n<figure class=\"wp-block-image size-large\"><img loading=\"lazy\" decoding=\"async\" width=\"1024\" height=\"768\" src=\"https:\/\/fecavem.com\/wp-content\/uploads\/2022\/09\/PXL_20220909_112016178-1024x768.jpg\" alt=\"\" class=\"wp-image-7543\" srcset=\"https:\/\/fecavem.com\/wp-content\/uploads\/2022\/09\/PXL_20220909_112016178-1024x768.jpg 1024w, https:\/\/fecavem.com\/wp-content\/uploads\/2022\/09\/PXL_20220909_112016178-300x225.jpg 300w, https:\/\/fecavem.com\/wp-content\/uploads\/2022\/09\/PXL_20220909_112016178-768x576.jpg 768w, https:\/\/fecavem.com\/wp-content\/uploads\/2022\/09\/PXL_20220909_112016178-1536x1152.jpg 1536w, https:\/\/fecavem.com\/wp-content\/uploads\/2022\/09\/PXL_20220909_112016178-2048x1536.jpg 2048w, https:\/\/fecavem.com\/wp-content\/uploads\/2022\/09\/PXL_20220909_112016178-750x563.jpg 750w, https:\/\/fecavem.com\/wp-content\/uploads\/2022\/09\/PXL_20220909_112016178-1140x855.jpg 1140w\" sizes=\"auto, (max-width: 1024px) 100vw, 1024px\" \/><\/figure>\n\n\n\n<p>En paralelo, uno de los grandes objetivos fijados es captar inversores extranjeros y convertir a Catalunya\u00a0en un gran hub tecnol\u00f3gico. Otros grandes retos es incrementar la productividad aparente del trabajo de la industria en un 3% anual; producir de forma m\u00e1s sostenible; aumentar el grado de electrificaci\u00f3n del sector industrial hasta el 42,4% y cuadriplicar el presupuesto de la Generalitat en innovaci\u00f3n industrial para convertirse en una regi\u00f3n referente y fuerte.<br><br>Tambi\u00e9n se quiere incrementar el n\u00famero de empresas exportadoras y aumentar las exportaciones industriales hasta los 90.000 millones de euros, conseguir un incremento de la inversi\u00f3n de las empresas industriales en activos y crear empleo industrial de calidad hasta alcanzar la cifra de 510.000 personas afiliadas en la Seguridad Social.<\/p>\n","protected":false},"excerpt":{"rendered":"<p>Todos los agentes econ\u00f3micos y sociales firmaron el nuevo Pacto Nacional para la Industria. El presidente de Fecavem, Jaume Roura y Calls, ha representado la automoci\u00f3n en estas tablas\u00a0en nombre de Foment del Treball Nacional. M\u00e1s de 3.000 millones de euros se destinar\u00e1n a este nuevo Pacto hasta el 2025, con el objetivo de relanzar [&#8230;]<\/p>\n","protected":false},"author":2,"featured_media":7539,"comment_status":"closed","ping_status":"closed","sticky":false,"template":"","format":"standard","meta":{"footnotes":"","_links_to":"","_links_to_target":""},"categories":[92],"tags":[],"class_list":["post-7541","post","type-post","status-publish","format-standard","has-post-thumbnail","hentry","category-govern-es"],"_links":{"self":[{"href":"https:\/\/fecavem.com\/es\/wp-json\/wp\/v2\/posts\/7541","targetHints":{"allow":["GET"]}}],"collection":[{"href":"https:\/\/fecavem.com\/es\/wp-json\/wp\/v2\/posts"}],"about":[{"href":"https:\/\/fecavem.com\/es\/wp-json\/wp\/v2\/types\/post"}],"author":[{"embeddable":true,"href":"https:\/\/fecavem.com\/es\/wp-json\/wp\/v2\/users\/2"}],"replies":[{"embeddable":true,"href":"https:\/\/fecavem.com\/es\/wp-json\/wp\/v2\/comments?post=7541"}],"version-history":[{"count":3,"href":"https:\/\/fecavem.com\/es\/wp-json\/wp\/v2\/posts\/7541\/revisions"}],"predecessor-version":[{"id":7548,"href":"https:\/\/fecavem.com\/es\/wp-json\/wp\/v2\/posts\/7541\/revisions\/7548"}],"wp:featuredmedia":[{"embeddable":true,"href":"https:\/\/fecavem.com\/es\/wp-json\/wp\/v2\/media\/7539"}],"wp:attachment":[{"href":"https:\/\/fecavem.com\/es\/wp-json\/wp\/v2\/media?parent=7541"}],"wp:term":[{"taxonomy":"category","embeddable":true,"href":"https:\/\/fecavem.com\/es\/wp-json\/wp\/v2\/categories?post=7541"},{"taxonomy":"post_tag","embeddable":true,"href":"https:\/\/fecavem.com\/es\/wp-json\/wp\/v2\/tags?post=7541"}],"curies":[{"name":"wp","href":"https:\/\/api.w.org\/{rel}","templated":true}]}}