{"id":7695,"date":"2022-09-26T16:09:24","date_gmt":"2022-09-26T16:09:24","guid":{"rendered":"https:\/\/fecavem.com\/?p=7695"},"modified":"2022-09-26T16:10:57","modified_gmt":"2022-09-26T16:10:57","slug":"compromiso-gobierno-espanol-automocion","status":"publish","type":"post","link":"https:\/\/fecavem.com\/es\/compromiso-gobierno-espanol-automocion\/","title":{"rendered":"Compromiso del gobierno espa\u00f1ol con la automoci\u00f3n"},"content":{"rendered":"\n<p>La presentaci\u00f3n del bar\u00f3metro Automobility Trends, celebrado el pasado 15 de septiembre en CASA SEAT, ha servido a las distribuidoras para analizar el terreno a trav\u00e9s de los resultados que dan las encuestas. Pero desde Fecavem hemos querido dar un paso m\u00e1s all\u00e1. As\u00ed pues, en esta sesi\u00f3n, particip\u00f3 el <strong>presidente de Fecavem y el Gremi del Motor, Jaume Roura Calls,<\/strong> quien subray\u00f3 la necesidad de convivir del autom\u00f3vil con las dem\u00e1s formas de movilidad sin ser excluidos de las grandes \u00e1reas metropolitanas. En paralelo, tambi\u00e9n pidi\u00f3 expl\u00edcitamente a la<strong> Ministra de Industria del gobierno espa\u00f1ol, Reyes Maroto, <\/strong>a reunirse en una mesa pr\u00f3ximamente para mirar el encaje de esta crisis e ir conjuntamente a superarla entre los empresarios de la automoci\u00f3n y el gobierno actual presidente por Pedro S\u00e1nchez. Por el lado de Maroto, le informamos que cogi\u00f3 el compromiso de agendar un encuentro antes de cerrar este 2022 con el presidente Roura.<\/p>\n\n\n\n<figure class=\"wp-block-image size-large\"><img loading=\"lazy\" decoding=\"async\" width=\"1024\" height=\"768\" src=\"https:\/\/fecavem.com\/wp-content\/uploads\/2022\/09\/WhatsApp-Image-2022-09-15-at-1.49.45-PM-1024x768.jpeg\" alt=\"\" class=\"wp-image-7690\" srcset=\"https:\/\/fecavem.com\/wp-content\/uploads\/2022\/09\/WhatsApp-Image-2022-09-15-at-1.49.45-PM-1024x768.jpeg 1024w, https:\/\/fecavem.com\/wp-content\/uploads\/2022\/09\/WhatsApp-Image-2022-09-15-at-1.49.45-PM-300x225.jpeg 300w, https:\/\/fecavem.com\/wp-content\/uploads\/2022\/09\/WhatsApp-Image-2022-09-15-at-1.49.45-PM-768x576.jpeg 768w, https:\/\/fecavem.com\/wp-content\/uploads\/2022\/09\/WhatsApp-Image-2022-09-15-at-1.49.45-PM-1536x1152.jpeg 1536w, https:\/\/fecavem.com\/wp-content\/uploads\/2022\/09\/WhatsApp-Image-2022-09-15-at-1.49.45-PM-750x563.jpeg 750w, https:\/\/fecavem.com\/wp-content\/uploads\/2022\/09\/WhatsApp-Image-2022-09-15-at-1.49.45-PM-1140x855.jpeg 1140w, https:\/\/fecavem.com\/wp-content\/uploads\/2022\/09\/WhatsApp-Image-2022-09-15-at-1.49.45-PM.jpeg 2048w\" sizes=\"auto, (max-width: 1024px) 100vw, 1024px\" \/><figcaption>CASA SEAT<\/figcaption><\/figure>\n\n\n\n<p>Le recordamos que el<strong> Bar\u00f3metro Auto Mobility Trends 2022 By Metyis<\/strong> ya est\u00e1 disponible. El estudio recoge los datos de la \u00fanica encuesta transversal realizada a empresas de movilidad y automoci\u00f3n, as\u00ed como los art\u00edculos de an\u00e1lisis de l\u00edderes empresariales, sindicales y de la Administraci\u00f3n del sector, entre ellos el del Presidente de Fecavem.<\/p>\n\n\n\n<figure class=\"wp-block-image size-large\"><img loading=\"lazy\" decoding=\"async\" width=\"1024\" height=\"768\" src=\"https:\/\/fecavem.com\/wp-content\/uploads\/2022\/09\/WhatsApp-Image-2022-09-15-at-1.49.40-PM-1024x768.jpeg\" alt=\"\" class=\"wp-image-7692\" srcset=\"https:\/\/fecavem.com\/wp-content\/uploads\/2022\/09\/WhatsApp-Image-2022-09-15-at-1.49.40-PM-1024x768.jpeg 1024w, https:\/\/fecavem.com\/wp-content\/uploads\/2022\/09\/WhatsApp-Image-2022-09-15-at-1.49.40-PM-300x225.jpeg 300w, https:\/\/fecavem.com\/wp-content\/uploads\/2022\/09\/WhatsApp-Image-2022-09-15-at-1.49.40-PM-768x576.jpeg 768w, https:\/\/fecavem.com\/wp-content\/uploads\/2022\/09\/WhatsApp-Image-2022-09-15-at-1.49.40-PM-1536x1152.jpeg 1536w, https:\/\/fecavem.com\/wp-content\/uploads\/2022\/09\/WhatsApp-Image-2022-09-15-at-1.49.40-PM-750x563.jpeg 750w, https:\/\/fecavem.com\/wp-content\/uploads\/2022\/09\/WhatsApp-Image-2022-09-15-at-1.49.40-PM-1140x855.jpeg 1140w, https:\/\/fecavem.com\/wp-content\/uploads\/2022\/09\/WhatsApp-Image-2022-09-15-at-1.49.40-PM.jpeg 2048w\" sizes=\"auto, (max-width: 1024px) 100vw, 1024px\" \/><figcaption>CASA SEAT<\/figcaption><\/figure>\n\n\n\n<p>La jornada sirvi\u00f3 para presentar los resultados de la encuesta sobre aspectos como la evoluci\u00f3n del negocio, las inversiones generales y en nueva movilidad, los efectos de la guerra de Ucrania y la crisis de los microchips en la actividad econ\u00f3mica, las principales medidas aplicadas para hacer frente a la dif\u00edcil coyuntura, la participaci\u00f3n en proyectos financiados con fondos europeos Next Generation y las perspectivas sobre empleo.<\/p>\n\n\n\n<div class=\"wp-block-buttons is-content-justification-center is-layout-flex wp-container-core-buttons-is-layout-16018d1d wp-block-buttons-is-layout-flex\">\n<div class=\"wp-block-button\"><a class=\"wp-block-button__link\" href=\"chrome-extension:\/\/efaidnbmnnnibpcajpcglclefindmkaj\/https:\/\/www.cocheglobal.com\/uploads\/s1\/23\/67\/55\/04\/auto-mobility-trends-by-metyis-2022.pdf\">ESTUDIO COMPLETO<\/a><\/div>\n<\/div>\n\n\n\n<p><\/p>\n","protected":false},"excerpt":{"rendered":"<p>La presentaci\u00f3n del bar\u00f3metro Automobility Trends, celebrado el pasado 15 de septiembre en CASA SEAT, ha servido a las distribuidoras para analizar el terreno a trav\u00e9s de los resultados que dan las encuestas. Pero desde Fecavem hemos querido dar un paso m\u00e1s all\u00e1. As\u00ed pues, en esta sesi\u00f3n, particip\u00f3 el presidente de Fecavem y el [&#8230;]<\/p>\n","protected":false},"author":2,"featured_media":7819,"comment_status":"closed","ping_status":"closed","sticky":false,"template":"","format":"standard","meta":{"footnotes":"","_links_to":"","_links_to_target":""},"categories":[95],"tags":[193,199,200],"class_list":["post-7695","post","type-post","status-publish","format-standard","has-post-thumbnail","hentry","category-gobierno-es","tag-auto-mobility-trends-es","tag-ministra-es","tag-reyes-maroto-es"],"_links":{"self":[{"href":"https:\/\/fecavem.com\/es\/wp-json\/wp\/v2\/posts\/7695","targetHints":{"allow":["GET"]}}],"collection":[{"href":"https:\/\/fecavem.com\/es\/wp-json\/wp\/v2\/posts"}],"about":[{"href":"https:\/\/fecavem.com\/es\/wp-json\/wp\/v2\/types\/post"}],"author":[{"embeddable":true,"href":"https:\/\/fecavem.com\/es\/wp-json\/wp\/v2\/users\/2"}],"replies":[{"embeddable":true,"href":"https:\/\/fecavem.com\/es\/wp-json\/wp\/v2\/comments?post=7695"}],"version-history":[{"count":2,"href":"https:\/\/fecavem.com\/es\/wp-json\/wp\/v2\/posts\/7695\/revisions"}],"predecessor-version":[{"id":7700,"href":"https:\/\/fecavem.com\/es\/wp-json\/wp\/v2\/posts\/7695\/revisions\/7700"}],"wp:featuredmedia":[{"embeddable":true,"href":"https:\/\/fecavem.com\/es\/wp-json\/wp\/v2\/media\/7819"}],"wp:attachment":[{"href":"https:\/\/fecavem.com\/es\/wp-json\/wp\/v2\/media?parent=7695"}],"wp:term":[{"taxonomy":"category","embeddable":true,"href":"https:\/\/fecavem.com\/es\/wp-json\/wp\/v2\/categories?post=7695"},{"taxonomy":"post_tag","embeddable":true,"href":"https:\/\/fecavem.com\/es\/wp-json\/wp\/v2\/tags?post=7695"}],"curies":[{"name":"wp","href":"https:\/\/api.w.org\/{rel}","templated":true}]}}