{"id":7705,"date":"2022-09-26T16:18:59","date_gmt":"2022-09-26T16:18:59","guid":{"rendered":"https:\/\/fecavem.com\/?p=7705"},"modified":"2022-09-26T16:22:06","modified_gmt":"2022-09-26T16:22:06","slug":"moves-catalan-representa-20-dotacion-espana","status":"publish","type":"post","link":"https:\/\/fecavem.com\/es\/moves-catalan-representa-20-dotacion-espana\/","title":{"rendered":"El MOVES catal\u00e1n representa el 20% de la dotaci\u00f3n en toda Espa\u00f1a"},"content":{"rendered":"\n<p>El pressupost del programa Pla Moves III t\u00e9 una dotaci\u00f3 de 626,4 milions d&#8217;euros per a tota Espanya i a Catalunya corresponen 125,4 milions, \u00e9s a dir, un 20% del conjunt estatal. Aquesta dotaci\u00f3 s&#8217;assigna a parts iguals a les dues l\u00ednies del pla ja marcades, que s\u00f3n l&#8217;adquisici\u00f3 de vehicles nous i noves infraestructures de punts de rec\u00e0rrega.<\/p>\n\n\n\n<p><strong>La Generalitat ja t\u00e9 disponibilitat de fons per liquidar els ajuts<\/strong><\/p>\n\n\n\n<p>Tan important o m\u00e9s que la dotaci\u00f3 pressupost\u00e0ria, \u00e9s la disposici\u00f3 efectiva del pressupost. Aix\u00ed doncs, a la Tresoreria de la Generalitat ja s&#8217;han ingressat 65,7 milions d&#8217;euros. Amb data 31 d&#8217;agost de 2022, el pressupost per adquisici\u00f3 de vehicles est\u00e0 comprom\u00e8s en un 72%, que correspon a 10.993 expedients administratius, mentre que la mitjana per ajut \u00e9s de 4.112\u202feuros. Dels expedients estan resolts 7.565.<\/p>\n\n\n\n<p>Ara, fem el mateix exercici per a les noves infraestructures de punts de rec\u00e0rrega i veiem que est\u00e0 comprom\u00e8s el 76% del pressupost, \u00e9s a dir, l&#8217;equivalent a 5.873 expedients amb una mitjana per ajut de 8.113 euros. Dels expedients estan resolts 2.383.<\/p>\n\n\n\n<p><strong>Les transfer\u00e8ncies econ\u00f2miques al ciutad\u00e0 ja han comen\u00e7at<\/strong><\/p>\n\n\n\n<p>S&#8217;han transferit als ciutadans 620.000 euros, una quantitat minsa i que no suposa ni un 1% de les ajudes sol\u00b7licitades. La gesti\u00f3 administrativa vinculada als ajuts \u00e9s molt carregosa. Les pautes de treball de les administracions auton\u00f2miques venen dictades des del govern central i les resolucions i pagaments triguen.<\/p>\n\n\n\n<p><strong>Fecavem demana la rebaixa temporal del tipus d&#8217;IVA, en comptes de les ajudes<\/strong><\/p>\n\n\n\n<p>El Moves a Catalunya t\u00e9 un impacte molt positiu. Aquest pla no pret\u00e9n incentivar la venda de vehicles, per\u00f2 s\u00ed influencia en el canvi d&#8217;h\u00e0bits de la ciutadania. Les dades de matriculacions evidencien un canvi de tend\u00e8ncia cap a les motoritzacions que impulsa aquest Pla. I ho podria ser m\u00e9s si l&#8217;ajut es descompt\u00e9s en el moment de sol\u00b7licitar-lo en lloc d&#8217;haver d&#8217;esperar terminis que superen amb escreix l&#8217;any. Per tot aix\u00f2, <strong>Fecavem veu necessari eliminar tanta gesti\u00f3 administrativa i demana simplificar la tramitaci\u00f3<\/strong> rebaixant temporalment el tipus d&#8217;IVA i haver de patir aquest tortu\u00f3s proc\u00e9s de les ajudes que mortifica no nom\u00e9s als ciutadans, sin\u00f3 els t\u00e8cnics que els gestionen.<\/p>\n","protected":false},"excerpt":{"rendered":"<p>El pressupost del programa Pla Moves III t\u00e9 una dotaci\u00f3 de 626,4 milions d&#8217;euros per a tota Espanya i a Catalunya corresponen 125,4 milions, \u00e9s a dir, un 20% del conjunt estatal. Aquesta dotaci\u00f3 s&#8217;assigna a parts iguals a les dues l\u00ednies del pla ja marcades, que s\u00f3n l&#8217;adquisici\u00f3 de vehicles nous i noves infraestructures [&#8230;]<\/p>\n","protected":false},"author":2,"featured_media":7703,"comment_status":"closed","ping_status":"closed","sticky":false,"template":"","format":"standard","meta":{"footnotes":"","_links_to":"","_links_to_target":""},"categories":[92],"tags":[203,204],"class_list":["post-7705","post","type-post","status-publish","format-standard","has-post-thumbnail","hentry","category-govern-es","tag-iva-es","tag-moves-es"],"_links":{"self":[{"href":"https:\/\/fecavem.com\/es\/wp-json\/wp\/v2\/posts\/7705","targetHints":{"allow":["GET"]}}],"collection":[{"href":"https:\/\/fecavem.com\/es\/wp-json\/wp\/v2\/posts"}],"about":[{"href":"https:\/\/fecavem.com\/es\/wp-json\/wp\/v2\/types\/post"}],"author":[{"embeddable":true,"href":"https:\/\/fecavem.com\/es\/wp-json\/wp\/v2\/users\/2"}],"replies":[{"embeddable":true,"href":"https:\/\/fecavem.com\/es\/wp-json\/wp\/v2\/comments?post=7705"}],"version-history":[{"count":2,"href":"https:\/\/fecavem.com\/es\/wp-json\/wp\/v2\/posts\/7705\/revisions"}],"predecessor-version":[{"id":7708,"href":"https:\/\/fecavem.com\/es\/wp-json\/wp\/v2\/posts\/7705\/revisions\/7708"}],"wp:featuredmedia":[{"embeddable":true,"href":"https:\/\/fecavem.com\/es\/wp-json\/wp\/v2\/media\/7703"}],"wp:attachment":[{"href":"https:\/\/fecavem.com\/es\/wp-json\/wp\/v2\/media?parent=7705"}],"wp:term":[{"taxonomy":"category","embeddable":true,"href":"https:\/\/fecavem.com\/es\/wp-json\/wp\/v2\/categories?post=7705"},{"taxonomy":"post_tag","embeddable":true,"href":"https:\/\/fecavem.com\/es\/wp-json\/wp\/v2\/tags?post=7705"}],"curies":[{"name":"wp","href":"https:\/\/api.w.org\/{rel}","templated":true}]}}