{"id":7744,"date":"2022-09-27T09:04:54","date_gmt":"2022-09-27T09:04:54","guid":{"rendered":"https:\/\/fecavem.com\/?p=7744"},"modified":"2022-09-27T09:12:56","modified_gmt":"2022-09-27T09:12:56","slug":"fecavem-gremi-motor-renuevan-convenio-colaboracion-fira-barcelona","status":"publish","type":"post","link":"https:\/\/fecavem.com\/es\/fecavem-gremi-motor-renuevan-convenio-colaboracion-fira-barcelona\/","title":{"rendered":"Fecavem y el Gremi del Motor renuevan su convenio de colaboraci\u00f3n con Fira Barcelona"},"content":{"rendered":"\n<p>Del 26 de noviembre al 4 de diciembre, vuelve el Sal\u00f3n Ocasi\u00f3n, despu\u00e9s de dos a\u00f1os sin celebrarse por la pandemia de la covid y sus consecuencias. Con la voluntad de continuar siendo la plataforma de referencia para marcas y distribuidores del sector de la automoci\u00f3n y del veh\u00edculo seminuevo, esta nueva edici\u00f3n del Sal\u00f3 Ocasi\u00f3n tendr\u00e1 lugar en el recinto ferial de Montju\u00efc. Desde nuestra patronal, somos conscientes y no estamos ajenos a la realidad de mercado actual, condicionado a las limitaciones de stock que afectan a la compraventa de veh\u00edculos seminuevos. As\u00ed pues, las principales novedades del Sal\u00f3n son:<\/p>\n\n\n\n<p>&#8211; Se concentra toda la oferta en un \u00fanico pabell\u00f3n: Palau 8 (Montju\u00efc, Barcelona).<\/p>\n\n\n\n<p>&#8211; La exposici\u00f3n al p\u00fablico ocupa una superficie limpia de hasta 11.000 metros cuadrados, dando cabida a m\u00e1s de 500 veh\u00edculos y facilitando adicionalmente las zonas de campa para el estacionamiento y la reposici\u00f3n de veh\u00edculos.<\/p>\n\n\n\n<p>&#8211; Organizaci\u00f3n de la oferta a lo largo de un \u00fanico y amplio pasillo central para facilitar la visibilidad de todas las empresas y mejorar la experiencia de visita.<\/p>\n\n\n\n<p><strong>\u00a1Os facilitamos datos de inter\u00e9s para participar!<\/strong> <strong>Contacto comercial ANDREU SANCHO \/ <a href=\"mailto:asancho@firabarcelona.com\">asancho@firabarcelona.com<\/a><\/strong><\/p>\n\n\n\n<h4 class=\"wp-block-heading\">Cerramos un convenio de colaboraci\u00f3n con Fira Barcelona<\/h4>\n\n\n\n<p>Coincidiendo con el Sal\u00f3n, tambi\u00e9n hemos dado un paso m\u00e1s para consolidar nuestra apuesta con este evento. As\u00ed pues, Fecavem y el Gremio del Motor han firmado el nuevo convenio de colaboraci\u00f3n con Fira Barcelona, \u200b\u200bcon el prop\u00f3sito de que la capital catalana siga siendo la sede del gran evento del VO a nivel nacional y un espacio de exposici\u00f3n disponible para los asociados.<\/p>\n\n\n\n<figure class=\"wp-block-image size-large\"><img loading=\"lazy\" decoding=\"async\" width=\"1024\" height=\"999\" src=\"https:\/\/fecavem.com\/wp-content\/uploads\/2022\/09\/1985-MVOcasion842-1-1024x999.jpg\" alt=\"\" class=\"wp-image-7741\" srcset=\"https:\/\/fecavem.com\/wp-content\/uploads\/2022\/09\/1985-MVOcasion842-1-1024x999.jpg 1024w, https:\/\/fecavem.com\/wp-content\/uploads\/2022\/09\/1985-MVOcasion842-1-300x293.jpg 300w, https:\/\/fecavem.com\/wp-content\/uploads\/2022\/09\/1985-MVOcasion842-1-768x749.jpg 768w, https:\/\/fecavem.com\/wp-content\/uploads\/2022\/09\/1985-MVOcasion842-1-1536x1498.jpg 1536w, https:\/\/fecavem.com\/wp-content\/uploads\/2022\/09\/1985-MVOcasion842-1-2048x1997.jpg 2048w, https:\/\/fecavem.com\/wp-content\/uploads\/2022\/09\/1985-MVOcasion842-1-750x731.jpg 750w, https:\/\/fecavem.com\/wp-content\/uploads\/2022\/09\/1985-MVOcasion842-1-1140x1112.jpg 1140w\" sizes=\"auto, (max-width: 1024px) 100vw, 1024px\" \/><figcaption>FIRA BARCELONA<\/figcaption><\/figure>\n\n\n\n<p>Las entidades firmantes trabajan conjuntamente para la celebraci\u00f3n de este nuevo certamen, que coincide con la edici\u00f3n n\u00famero 40 del Sal\u00f3n, con una cobertura total de empresas vinculadas a Fecavem y el Gremi del Motor. Una exposici\u00f3n de estas cuatro d\u00e9cadas con los mejores momentos vividos, cerrar\u00e1n el aniversario de este a\u00f1o.<\/p>\n","protected":false},"excerpt":{"rendered":"<p>Del 26 de noviembre al 4 de diciembre, vuelve el Sal\u00f3n Ocasi\u00f3n, despu\u00e9s de dos a\u00f1os sin celebrarse por la pandemia de la covid y sus consecuencias. Con la voluntad de continuar siendo la plataforma de referencia para marcas y distribuidores del sector de la automoci\u00f3n y del veh\u00edculo seminuevo, esta nueva edici\u00f3n del Sal\u00f3 [&#8230;]<\/p>\n","protected":false},"author":2,"featured_media":7740,"comment_status":"closed","ping_status":"closed","sticky":false,"template":"","format":"standard","meta":{"footnotes":"","_links_to":"","_links_to_target":""},"categories":[110],"tags":[213,215],"class_list":["post-7744","post","type-post","status-publish","format-standard","has-post-thumbnail","hentry","category-fira-barcelona-es","tag-fira-barcelona-es","tag-vehiculo-ocasion"],"_links":{"self":[{"href":"https:\/\/fecavem.com\/es\/wp-json\/wp\/v2\/posts\/7744","targetHints":{"allow":["GET"]}}],"collection":[{"href":"https:\/\/fecavem.com\/es\/wp-json\/wp\/v2\/posts"}],"about":[{"href":"https:\/\/fecavem.com\/es\/wp-json\/wp\/v2\/types\/post"}],"author":[{"embeddable":true,"href":"https:\/\/fecavem.com\/es\/wp-json\/wp\/v2\/users\/2"}],"replies":[{"embeddable":true,"href":"https:\/\/fecavem.com\/es\/wp-json\/wp\/v2\/comments?post=7744"}],"version-history":[{"count":5,"href":"https:\/\/fecavem.com\/es\/wp-json\/wp\/v2\/posts\/7744\/revisions"}],"predecessor-version":[{"id":7752,"href":"https:\/\/fecavem.com\/es\/wp-json\/wp\/v2\/posts\/7744\/revisions\/7752"}],"wp:featuredmedia":[{"embeddable":true,"href":"https:\/\/fecavem.com\/es\/wp-json\/wp\/v2\/media\/7740"}],"wp:attachment":[{"href":"https:\/\/fecavem.com\/es\/wp-json\/wp\/v2\/media?parent=7744"}],"wp:term":[{"taxonomy":"category","embeddable":true,"href":"https:\/\/fecavem.com\/es\/wp-json\/wp\/v2\/categories?post=7744"},{"taxonomy":"post_tag","embeddable":true,"href":"https:\/\/fecavem.com\/es\/wp-json\/wp\/v2\/tags?post=7744"}],"curies":[{"name":"wp","href":"https:\/\/api.w.org\/{rel}","templated":true}]}}