{"id":8601,"date":"2022-11-30T18:02:06","date_gmt":"2022-11-30T18:02:06","guid":{"rendered":"https:\/\/fecavem.com\/apropat-salo-ocasio-4-desembre\/"},"modified":"2022-12-01T11:12:08","modified_gmt":"2022-12-01T11:12:08","slug":"acercate-salon-ocasion-4-diciembre","status":"publish","type":"post","link":"https:\/\/fecavem.com\/es\/acercate-salon-ocasion-4-diciembre\/","title":{"rendered":"\u00a1Ac\u00e9rcate al Sal\u00f3n Ocasi\u00f3n hasta el 4 de diciembre!"},"content":{"rendered":"\n<p>Estamos inmersos en el Sal\u00f3n Ocasi\u00f3n de Fira Barcelona y celebramos el regreso despu\u00e9s de dos a\u00f1os marcados por la pandemia. <strong>Desde el Gremi del Motor y Fecavem hemos impulsado estos d\u00edas, desde el propio Sal\u00f3n, <\/strong>jornadas como un debate sobre movilidad con representantes pol\u00edticos o la jornada FP Dual. Pero vayamos m\u00e1s all\u00e1 y los primeros datos que nos llegan refuerzan que este Sal\u00f3n era necesario. Cierra sus puertas el pr\u00f3ximo 4 de diciembre y por seguridad, precio, prestaciones y bajo impacto ambiental se adapta a los tiempos actuales.<\/p>\n\n\n\n<p>Los <strong>veh\u00edculos de ocasi\u00f3n seminuevos (de menos de 4 a\u00f1os) son una excelente opci\u00f3n de compra ante la escasez de stock de coches nuevos y plazos de entrega elevados<\/strong> derivados de la falta de microchips y materias primas. Aunque el mercado de usados \u200b\u200btambi\u00e9n ha visto mermada su oferta, el Sal\u00f3n Ocasi\u00f3n \u2013 que se celebra del 26 de noviembre al 4 de diciembre en el recinto de Montju\u00efc\u2013, ha conseguido reunir a m\u00e1s de 2.000 veh\u00edculos seminuevos de las principales marcas con el objetivo de reactivar las ventas de turismos de esta antig\u00fcedad, que representan el 28,27% de las operaciones en Catalunya.<\/p>\n\n\n\n<p>Actualmente en Catalunya se venden 2,8 veh\u00edculos usados \u200b\u200bpor cada coche nuevo, dato que revela el creciente inter\u00e9s por el mercado de ocasi\u00f3n. Las cifras de ventas aumentaron un 9,7% en octubre, manteniendo la tendencia al alza impulsadas por las transferencias formalizadas en la provincia de Barcelona, \u200b\u200bque se incrementaron un 16%. En los diez primeros meses de este a\u00f1o se han vendido en Catalunya 231.073 turismos usados, un 1,18% m\u00e1s que en 2021 y casi un 6% m\u00e1s que en 2020, cuando el mercado sufri\u00f3 muchas oscilaciones debido a la pandemia. La patronal alerta asimismo que el 58% de las transferencias de veh\u00edculos usados \u200b\u200bcorresponde a turismos de m\u00e1s de 10 a\u00f1os: \u00abUn indicador que sorprende ante la inminente implantaci\u00f3n de las zonas de bajas emisiones en poblaciones catalanas de m\u00e1s de 50.000 habitantes\u00bb , asegura <strong>el presidente de Fecavem y el Sal\u00f3n Ocasi\u00f3n, Jaume Roura, <\/strong>quien a\u00f1ade: \u00abAl no incorporarse veh\u00edculos nuevos o seminuevos por la escasez de oferta proveniente de flotas y automatriculaciones, la media de edad del parque automovil\u00edstico aumenta, se generan m\u00e1s emisiones ambientales y se rebaja la seguridad vial\u00bb.<\/p>\n\n\n\n<p>Para contribuir a revertir esta tendencia<strong>, el Sal\u00f3 Ocasi\u00f3n celebra su 40 edici\u00f3n con una seleccionada oferta de m\u00e1s de 2.000 veh\u00edculos seminuevos con entrega inmediata<\/strong> que cumplen con las actuales exigencias medioambientales. El 100% de la oferta del sal\u00f3n dispone, al menos de la etiqueta C, que permite circular sin restricciones por las zonas de bajas emisiones. Asimismo, un 12% de los veh\u00edculos expuestos ser\u00e1n h\u00edbridos o h\u00edbridos enchufables, mientras que un 3% son el\u00e9ctricos, ambos con la clasificaci\u00f3n energ\u00e9tica m\u00e1s limpia del mercado: eco (h\u00edbridos) y cero (el\u00e9ctricos e h\u00edbridos enchufables).<\/p>\n\n\n\n<p>En esta 40 edici\u00f3n contamos con una exposici\u00f3n de m\u00e1s de 2.000 coches de una veintena de concesionarios asociados al Gremi del Motor y Fecavem. Se exponen desde utilitarios hasta unidades de alta gama, nacionales y de importaci\u00f3n, procedentes mayoritariamente de automatriculaci\u00f3n, gerencia, flotas, demostraci\u00f3n, cortes\u00eda y veh\u00edculos de empresa. Todos los modelos que se ponen a la venta disponen de garant\u00eda del concesionario y han sido revisados \u200b\u200bpor Applus+, una de las compa\u00f1\u00edas l\u00edderes mundiales en inspecci\u00f3n, ensayos y certificaci\u00f3n como aval de su perfecto estado e inmediata puesta en circulaci\u00f3n.<\/p>\n\n\n\n<p><em>El Sal\u00f3n Ocasi\u00f3n se celebra en el Palacio 8 del recinto de Montju\u00efc con acceso por la Plaza Espa\u00f1a y est\u00e1 abierto de 15h a 20h durante los d\u00edas laborables y de 11h a 20h los fines de semana. El precio de la entrada ser\u00e1 de 6 euros, y gratuito para los menores de 18 a\u00f1os acompa\u00f1ados.<\/em><\/p>\n","protected":false},"excerpt":{"rendered":"<p>Estamos inmersos en el Sal\u00f3n Ocasi\u00f3n de Fira Barcelona y celebramos el regreso despu\u00e9s de dos a\u00f1os marcados por la pandemia. Desde el Gremi del Motor y Fecavem hemos impulsado estos d\u00edas, desde el propio Sal\u00f3n, jornadas como un debate sobre movilidad con representantes pol\u00edticos o la jornada FP Dual. Pero vayamos m\u00e1s all\u00e1 y [&#8230;]<\/p>\n","protected":false},"author":2,"featured_media":8599,"comment_status":"closed","ping_status":"closed","sticky":false,"template":"","format":"standard","meta":{"footnotes":"","_links_to":"","_links_to_target":""},"categories":[110],"tags":[213,254],"class_list":["post-8601","post","type-post","status-publish","format-standard","has-post-thumbnail","hentry","category-fira-barcelona-es","tag-fira-barcelona-es","tag-salo-ocasio-2-es"],"_links":{"self":[{"href":"https:\/\/fecavem.com\/es\/wp-json\/wp\/v2\/posts\/8601","targetHints":{"allow":["GET"]}}],"collection":[{"href":"https:\/\/fecavem.com\/es\/wp-json\/wp\/v2\/posts"}],"about":[{"href":"https:\/\/fecavem.com\/es\/wp-json\/wp\/v2\/types\/post"}],"author":[{"embeddable":true,"href":"https:\/\/fecavem.com\/es\/wp-json\/wp\/v2\/users\/2"}],"replies":[{"embeddable":true,"href":"https:\/\/fecavem.com\/es\/wp-json\/wp\/v2\/comments?post=8601"}],"version-history":[{"count":3,"href":"https:\/\/fecavem.com\/es\/wp-json\/wp\/v2\/posts\/8601\/revisions"}],"predecessor-version":[{"id":8679,"href":"https:\/\/fecavem.com\/es\/wp-json\/wp\/v2\/posts\/8601\/revisions\/8679"}],"wp:featuredmedia":[{"embeddable":true,"href":"https:\/\/fecavem.com\/es\/wp-json\/wp\/v2\/media\/8599"}],"wp:attachment":[{"href":"https:\/\/fecavem.com\/es\/wp-json\/wp\/v2\/media?parent=8601"}],"wp:term":[{"taxonomy":"category","embeddable":true,"href":"https:\/\/fecavem.com\/es\/wp-json\/wp\/v2\/categories?post=8601"},{"taxonomy":"post_tag","embeddable":true,"href":"https:\/\/fecavem.com\/es\/wp-json\/wp\/v2\/tags?post=8601"}],"curies":[{"name":"wp","href":"https:\/\/api.w.org\/{rel}","templated":true}]}}