{"id":8646,"date":"2022-12-01T06:13:21","date_gmt":"2022-12-01T06:13:21","guid":{"rendered":"https:\/\/fecavem.com\/editorial-desembre-jaume-roura-serveixen-fons-next-generation\/"},"modified":"2022-12-01T11:00:46","modified_gmt":"2022-12-01T11:00:46","slug":"editorial-diciembre-jaume-roura-sirven-fondos-next-generation","status":"publish","type":"post","link":"https:\/\/fecavem.com\/es\/editorial-diciembre-jaume-roura-sirven-fondos-next-generation\/","title":{"rendered":"Diciembre 2022 | Jaume Roura: \u00ab\u00bfDe qu\u00e9 sirven los fondos Next Generation?\u00bb"},"content":{"rendered":"\n<p>La econom\u00eda se est\u00e1 disparando derivada de una inflaci\u00f3n cotidiana, que nadie controla ni pone freno, gran peligro para las industrias y los comercios\u2026 Y parece que nos estamos acostumbrando.<strong> De nuevo, insistir en que los empresarios somos el pajar del pa\u00eds y nos encontramos desamparados<\/strong> porque nuestros gobernantes no valoran la gran aportaci\u00f3n social de las empresas que hemos creado. Y esto duele, demasiado.<\/p>\n\n\n\n<p>Los costes y servicios se han descontrolado porque quien deb\u00eda controlarlos no lo ha hecho y, como siempre, pagamos los que trabajamos.<strong> Por m\u00e1s inri, los impuestos han subido, sobre todo en Catalunya. Me pregunto, una vez tras otra, c\u00f3mo quieren que sigamos manteniendo nuestras empresas y el empleo que \u00e9stas crean.<\/strong> La palabra m\u00e1gica siempre es la de los fondos Next Generation que deben salvarnos, pero me vuelve a venir a la cabeza una pregunta: \u00bfc\u00f3mo? No hay ninguna facilidad para solicitarlos y la excesiva burocracia que han puesto de por medio hace que no acaben llegando.<\/p>\n\n\n\n<p>En definitiva, quienes nos gobiernan, y todas sus administraciones, lo que deben hacer es darnos todas las facilidades, que nosotros ya gestionaremos las empresas y generaremos puesto de trabajo. <strong>Por algo tenemos suficiente experiencia y la validez contrastada.<\/strong><\/p>\n\n\n\n<p>Por otra parte, los acuerdos de los convenios, a pesar de no estar contentos, debemos entender que el trabajador forma parte de esta econom\u00eda de consumo en la que giramos todos y todas. Por tanto, debemos entender que deben ajustarse lo m\u00e1ximo posible para paliar esta inflaci\u00f3n cotidiana de la que hablamos y que nos duele a todo el conjunto. <strong>Cierto es tambi\u00e9n que debemos negociar y exigir mayor responsabilidad laboral en cuanto a la productividad y absentismo, y revisar los derechos sociales inasumibles hoy para las empresas.<\/strong><\/p>\n\n\n\n<p>Ahora, m\u00e1s que nunca, necesitamos una unidad de todas las instituciones comarcales, sectoriales y particulares para que <strong>podamos presentar un libro blanco que diga lo suficiente a la persecuci\u00f3n empresarial. <\/strong>Les animo a desarrollarlo urgentemente. <\/p>\n\n\n\n<p>Un abrazo a todos y todas los empresarios de Fecavem y sus cuatro provincias representativas y que este diciembre que empecemos nos aporte luz para acabar el a\u00f1o 2022 y planificar el pr\u00f3ximo 2023 con una visi\u00f3n m\u00e1s optimista, ya que es necesario prepararse para unos tiempos que no son f\u00e1ciles.<\/p>\n","protected":false},"excerpt":{"rendered":"<p>La econom\u00eda se est\u00e1 disparando derivada de una inflaci\u00f3n cotidiana, que nadie controla ni pone freno, gran peligro para las industrias y los comercios\u2026 Y parece que nos estamos acostumbrando. De nuevo, insistir en que los empresarios somos el pajar del pa\u00eds y nos encontramos desamparados porque nuestros gobernantes no valoran la gran aportaci\u00f3n social [&#8230;]<\/p>\n","protected":false},"author":2,"featured_media":8643,"comment_status":"closed","ping_status":"closed","sticky":false,"template":"","format":"standard","meta":{"footnotes":"","_links_to":"","_links_to_target":""},"categories":[96],"tags":[265],"class_list":["post-8646","post","type-post","status-publish","format-standard","has-post-thumbnail","hentry","category-jaume-roura-es","tag-next-generation-es"],"_links":{"self":[{"href":"https:\/\/fecavem.com\/es\/wp-json\/wp\/v2\/posts\/8646","targetHints":{"allow":["GET"]}}],"collection":[{"href":"https:\/\/fecavem.com\/es\/wp-json\/wp\/v2\/posts"}],"about":[{"href":"https:\/\/fecavem.com\/es\/wp-json\/wp\/v2\/types\/post"}],"author":[{"embeddable":true,"href":"https:\/\/fecavem.com\/es\/wp-json\/wp\/v2\/users\/2"}],"replies":[{"embeddable":true,"href":"https:\/\/fecavem.com\/es\/wp-json\/wp\/v2\/comments?post=8646"}],"version-history":[{"count":5,"href":"https:\/\/fecavem.com\/es\/wp-json\/wp\/v2\/posts\/8646\/revisions"}],"predecessor-version":[{"id":8672,"href":"https:\/\/fecavem.com\/es\/wp-json\/wp\/v2\/posts\/8646\/revisions\/8672"}],"wp:featuredmedia":[{"embeddable":true,"href":"https:\/\/fecavem.com\/es\/wp-json\/wp\/v2\/media\/8643"}],"wp:attachment":[{"href":"https:\/\/fecavem.com\/es\/wp-json\/wp\/v2\/media?parent=8646"}],"wp:term":[{"taxonomy":"category","embeddable":true,"href":"https:\/\/fecavem.com\/es\/wp-json\/wp\/v2\/categories?post=8646"},{"taxonomy":"post_tag","embeddable":true,"href":"https:\/\/fecavem.com\/es\/wp-json\/wp\/v2\/tags?post=8646"}],"curies":[{"name":"wp","href":"https:\/\/api.w.org\/{rel}","templated":true}]}}