{"id":8745,"date":"2022-12-06T13:01:41","date_gmt":"2022-12-06T13:01:41","guid":{"rendered":"https:\/\/fecavem.com\/el-salo-ocasio-ven-800-cotxes-i-genera-un-volum-de-negoci-superior-als-19-milions-deuros\/"},"modified":"2022-12-06T13:06:43","modified_gmt":"2022-12-06T13:06:43","slug":"salon-ocasion-vende-800-coches-genera-volumen-negocio-superior-19-millones-euros","status":"publish","type":"post","link":"https:\/\/fecavem.com\/es\/salon-ocasion-vende-800-coches-genera-volumen-negocio-superior-19-millones-euros\/","title":{"rendered":"El Sal\u00f3n Ocasi\u00f3n vende 800 coches y genera un volumen de negocio superior a los 19 millones de euros"},"content":{"rendered":"\n<p>El Sal\u00f3n Ocasi\u00f3n que se ha celebrado desde el pasado s\u00e1bado 26 de noviembre y hasta el domingo 4 de diciembre <strong>ha cerrado su 40 edici\u00f3n con 800 coches vendidos. <\/strong>Se calcula que el sal\u00f3n ha generado aproximadamente un volumen de negocio superior a los 19 millones de euros en la venta de veh\u00edculos, teniendo en cuenta un precio medio por unidad de 24.000 euros.<\/p>\n\n\n\n<p>Los <strong>coches que m\u00e1s salida han tenido han sido unidades de las clases B y C, es decir, utilitarios de hasta 4 metros de longitud con 3 o 5 puertas, y sedanos, todoterrenos, monovol\u00famenes y SUV<\/strong> de, al menos, 4,5 metros de largo. Por lo que se refiere a las motorizaciones, los modelos h\u00edbridos han tenido muy buena acogida entre los compradores, junto con los de gasolina, todos ellos con etiqueta C o Eco que permite circular sin restricciones por las zonas de bajas emisiones (ZBE). Por su parte, los veh\u00edculos el\u00e9ctricos son todav\u00eda bastante residuales en el mercado y s\u00f3lo han representado un 3% de la oferta presente en el certamen.<\/p>\n\n\n\n<p>Adem\u00e1s de las 800 unidades vendidas directamente en el sal\u00f3n,<strong> tambi\u00e9n se han iniciado muchas operaciones que se concretar\u00e1n en los concesionarios durante los pr\u00f3ximos d\u00edas, <\/strong>contribuyendo as\u00ed a incrementar la cifra total de transacciones y volumen de negocio definitivas, as\u00ed como los datos de ventas de coches seminuevos globales de diciembre.<\/p>\n\n\n\n<p>Seg\u00fan <strong>el presidente del Sal\u00f3n y de Fecavem, Jaume Roura, <\/strong>\u201chay que estar satisfechos de los resultados del sal\u00f3n teniendo en cuenta las dificultades que actualmente presenta el mercado con una situaci\u00f3n de inflaci\u00f3n generalizada que repercute en los precios de los veh\u00edculos y tambi\u00e9n de las condiciones de los su financiaci\u00f3n. Por este motivo, creo que debemos celebrar que durante el sal\u00f3n se hayan vendido, en promedio, casi 100 veh\u00edculos al d\u00eda con entrega inmediata\u201d.<\/p>\n\n\n\n<p><strong>Organizado por el Gremi del Motor y la Patronal Catalana de la Distribuci\u00f3n de Automoci\u00f3n, Fecavem, junto con Fira Barcelona<\/strong>, \u200b\u200bel Sal\u00f3 Ocasi\u00f3n ha recibido m\u00e1s de 11.000 visitantes en los 9 d\u00edas de celebraci\u00f3n. La 41\u00aa edici\u00f3n del evento est\u00e1 prevista que se celebre durante el oto\u00f1o de 2023 en el recinto de Montju\u00efc de Fira de Barcelona.<\/p>\n","protected":false},"excerpt":{"rendered":"<p>El Sal\u00f3n Ocasi\u00f3n que se ha celebrado desde el pasado s\u00e1bado 26 de noviembre y hasta el domingo 4 de diciembre ha cerrado su 40 edici\u00f3n con 800 coches vendidos. Se calcula que el sal\u00f3n ha generado aproximadamente un volumen de negocio superior a los 19 millones de euros en la venta de veh\u00edculos, teniendo [&#8230;]<\/p>\n","protected":false},"author":2,"featured_media":8743,"comment_status":"closed","ping_status":"closed","sticky":false,"template":"","format":"standard","meta":{"footnotes":"","_links_to":"","_links_to_target":""},"categories":[110],"tags":[213,254],"class_list":["post-8745","post","type-post","status-publish","format-standard","has-post-thumbnail","hentry","category-fira-barcelona-es","tag-fira-barcelona-es","tag-salo-ocasio-2-es"],"_links":{"self":[{"href":"https:\/\/fecavem.com\/es\/wp-json\/wp\/v2\/posts\/8745","targetHints":{"allow":["GET"]}}],"collection":[{"href":"https:\/\/fecavem.com\/es\/wp-json\/wp\/v2\/posts"}],"about":[{"href":"https:\/\/fecavem.com\/es\/wp-json\/wp\/v2\/types\/post"}],"author":[{"embeddable":true,"href":"https:\/\/fecavem.com\/es\/wp-json\/wp\/v2\/users\/2"}],"replies":[{"embeddable":true,"href":"https:\/\/fecavem.com\/es\/wp-json\/wp\/v2\/comments?post=8745"}],"version-history":[{"count":3,"href":"https:\/\/fecavem.com\/es\/wp-json\/wp\/v2\/posts\/8745\/revisions"}],"predecessor-version":[{"id":8749,"href":"https:\/\/fecavem.com\/es\/wp-json\/wp\/v2\/posts\/8745\/revisions\/8749"}],"wp:featuredmedia":[{"embeddable":true,"href":"https:\/\/fecavem.com\/es\/wp-json\/wp\/v2\/media\/8743"}],"wp:attachment":[{"href":"https:\/\/fecavem.com\/es\/wp-json\/wp\/v2\/media?parent=8745"}],"wp:term":[{"taxonomy":"category","embeddable":true,"href":"https:\/\/fecavem.com\/es\/wp-json\/wp\/v2\/categories?post=8745"},{"taxonomy":"post_tag","embeddable":true,"href":"https:\/\/fecavem.com\/es\/wp-json\/wp\/v2\/tags?post=8745"}],"curies":[{"name":"wp","href":"https:\/\/api.w.org\/{rel}","templated":true}]}}