{"id":8894,"date":"2022-12-17T18:24:42","date_gmt":"2022-12-17T18:24:42","guid":{"rendered":"https:\/\/fecavem.com\/obrim-un-nou-espai-de-debat-el-gremiconfidencial-amb-jaume-collboni\/"},"modified":"2022-12-17T18:34:42","modified_gmt":"2022-12-17T18:34:42","slug":"abrimos-nuevo-espacio-debate-gremi-confidencial-jaume-collboni","status":"publish","type":"post","link":"https:\/\/fecavem.com\/es\/abrimos-nuevo-espacio-debate-gremi-confidencial-jaume-collboni\/","title":{"rendered":"Abrimos un nuevo espacio de debate, el #GremiConfidencial con Jaume Collboni"},"content":{"rendered":"\n<p>Ambos \u00e1mbitos que m\u00e1s preocupan a la ciudadan\u00eda de Barcelona son la seguridad y la movilidad. Precisamente, en este \u00faltimo aspecto, <strong>el Gremi del Motor i la Mobilitat de Barcelona trabaja de forma activa para que la privada est\u00e9 presente y no se menosprecie en el \u00e1mbito de la capital catalana, pero tambi\u00e9n de su \u00c1rea Metropolitana de Barcelona y el conjunto de Catalunya<\/strong> como polo de conexi\u00f3n. Por eso, consideramos indispensable conocer qu\u00e9 futuro le espera.<\/p>\n\n\n\n<figure class=\"wp-block-image size-large\"><img loading=\"lazy\" decoding=\"async\" width=\"1024\" height=\"684\" src=\"https:\/\/fecavem.com\/wp-content\/uploads\/2022\/12\/CPR_5376-1024x684.jpg\" alt=\"\" class=\"wp-image-8899\" srcset=\"https:\/\/fecavem.com\/wp-content\/uploads\/2022\/12\/CPR_5376-1024x684.jpg 1024w, https:\/\/fecavem.com\/wp-content\/uploads\/2022\/12\/CPR_5376-300x200.jpg 300w, https:\/\/fecavem.com\/wp-content\/uploads\/2022\/12\/CPR_5376-768x513.jpg 768w, https:\/\/fecavem.com\/wp-content\/uploads\/2022\/12\/CPR_5376-1536x1025.jpg 1536w, https:\/\/fecavem.com\/wp-content\/uploads\/2022\/12\/CPR_5376-2048x1367.jpg 2048w, https:\/\/fecavem.com\/wp-content\/uploads\/2022\/12\/CPR_5376-750x501.jpg 750w, https:\/\/fecavem.com\/wp-content\/uploads\/2022\/12\/CPR_5376-1140x761.jpg 1140w\" sizes=\"auto, (max-width: 1024px) 100vw, 1024px\" \/><\/figure>\n\n\n\n<p><\/p>\n\n\n\n<p>En esta l\u00ednea y, enmarcados en las pr\u00f3ximas elecciones municipales de 2023, nuestra patronal ya celebr\u00f3 un primer debate abierto entre todos los partidos pol\u00edticos actuales representados, excepto Barcelona en Com\u00fa que se abstuvo de participar, en el marco del Sal\u00f3n Ocasi\u00f3n de Fira Barcelona. Desde el Gremi del Motor, dimos un paso m\u00e1s all\u00e1 y este mes de diciembre ha servido para dar el pistoletazo de salida a las jornadas #GremiConfidencial.<\/p>\n\n\n\n<figure class=\"wp-block-image size-large\"><img loading=\"lazy\" decoding=\"async\" width=\"1024\" height=\"682\" src=\"https:\/\/fecavem.com\/wp-content\/uploads\/2022\/12\/ok-gremi-1024x682.jpg\" alt=\"\" class=\"wp-image-8902\" srcset=\"https:\/\/fecavem.com\/wp-content\/uploads\/2022\/12\/ok-gremi-1024x682.jpg 1024w, https:\/\/fecavem.com\/wp-content\/uploads\/2022\/12\/ok-gremi-300x200.jpg 300w, https:\/\/fecavem.com\/wp-content\/uploads\/2022\/12\/ok-gremi-768x512.jpg 768w, https:\/\/fecavem.com\/wp-content\/uploads\/2022\/12\/ok-gremi-1536x1023.jpg 1536w, https:\/\/fecavem.com\/wp-content\/uploads\/2022\/12\/ok-gremi-750x500.jpg 750w, https:\/\/fecavem.com\/wp-content\/uploads\/2022\/12\/ok-gremi-1140x760.jpg 1140w, https:\/\/fecavem.com\/wp-content\/uploads\/2022\/12\/ok-gremi.jpg 1555w\" sizes=\"auto, (max-width: 1024px) 100vw, 1024px\" \/><\/figure>\n\n\n\n<p><\/p>\n\n\n\n<p>\u00c9stas quieren acercar a los principales candidatos de la ciudad de Barcelona a asumir su alcald\u00eda y conocer, de primera mano, qu\u00e9 programa en materia de movilidad preparan. As\u00ed pues<strong>, el primer #GremiConfidencial se ha celebrado con el actual Teniente de Alcalde del Ayuntamiento de Barcelona y candidato por el PSC, Jaume Collboni; as\u00ed como con el actual Alcalde del Ayuntamiento de Matar\u00f3 y candidato por el PSC, David Bote; junto con la Concejala de Movilidad del Ayuntamiento de Barcelona, \u200b\u200bLaia Bonet<\/strong>. El lugar escogido por este encuentro privado fue en la CASA SEAT y esperamos repetir muchos m\u00e1s encuentros como estos, de t\u00fa a t\u00fa, donde todos nuestros agremiados pudieron compartir dudas e impresiones.<\/p>\n\n\n\n<figure class=\"wp-block-image size-large\"><img loading=\"lazy\" decoding=\"async\" width=\"1024\" height=\"768\" src=\"https:\/\/fecavem.com\/wp-content\/uploads\/2022\/12\/gremi3-ok-1024x768.jpg\" alt=\"\" class=\"wp-image-8904\" srcset=\"https:\/\/fecavem.com\/wp-content\/uploads\/2022\/12\/gremi3-ok-1024x768.jpg 1024w, https:\/\/fecavem.com\/wp-content\/uploads\/2022\/12\/gremi3-ok-300x225.jpg 300w, https:\/\/fecavem.com\/wp-content\/uploads\/2022\/12\/gremi3-ok-768x576.jpg 768w, https:\/\/fecavem.com\/wp-content\/uploads\/2022\/12\/gremi3-ok-1536x1152.jpg 1536w, https:\/\/fecavem.com\/wp-content\/uploads\/2022\/12\/gremi3-ok-750x563.jpg 750w, https:\/\/fecavem.com\/wp-content\/uploads\/2022\/12\/gremi3-ok-1140x855.jpg 1140w, https:\/\/fecavem.com\/wp-content\/uploads\/2022\/12\/gremi3-ok.jpg 2048w\" sizes=\"auto, (max-width: 1024px) 100vw, 1024px\" \/><\/figure>\n\n\n\n<p><\/p>\n\n\n\n<p>Este primer <strong>#GremiConfidencial acab\u00f3 con la tradicional comida de Navidad en las renovadas instalaciones de la sede del Gremi del Motor y la Movilidad, <\/strong>en la calle Gran de Gr\u00e0cia n\u00famero 69 de Barcelona.<\/p>\n","protected":false},"excerpt":{"rendered":"<p>Ambos \u00e1mbitos que m\u00e1s preocupan a la ciudadan\u00eda de Barcelona son la seguridad y la movilidad. Precisamente, en este \u00faltimo aspecto, el Gremi del Motor i la Mobilitat de Barcelona trabaja de forma activa para que la privada est\u00e9 presente y no se menosprecie en el \u00e1mbito de la capital catalana, pero tambi\u00e9n de su [&#8230;]<\/p>\n","protected":false},"author":2,"featured_media":8896,"comment_status":"closed","ping_status":"closed","sticky":false,"template":"","format":"standard","meta":{"footnotes":"","_links_to":"","_links_to_target":""},"categories":[91],"tags":[274],"class_list":["post-8894","post","type-post","status-publish","format-standard","has-post-thumbnail","hentry","category-gremi-del-motor-es","tag-casa-seat-es"],"_links":{"self":[{"href":"https:\/\/fecavem.com\/es\/wp-json\/wp\/v2\/posts\/8894","targetHints":{"allow":["GET"]}}],"collection":[{"href":"https:\/\/fecavem.com\/es\/wp-json\/wp\/v2\/posts"}],"about":[{"href":"https:\/\/fecavem.com\/es\/wp-json\/wp\/v2\/types\/post"}],"author":[{"embeddable":true,"href":"https:\/\/fecavem.com\/es\/wp-json\/wp\/v2\/users\/2"}],"replies":[{"embeddable":true,"href":"https:\/\/fecavem.com\/es\/wp-json\/wp\/v2\/comments?post=8894"}],"version-history":[{"count":3,"href":"https:\/\/fecavem.com\/es\/wp-json\/wp\/v2\/posts\/8894\/revisions"}],"predecessor-version":[{"id":8909,"href":"https:\/\/fecavem.com\/es\/wp-json\/wp\/v2\/posts\/8894\/revisions\/8909"}],"wp:featuredmedia":[{"embeddable":true,"href":"https:\/\/fecavem.com\/es\/wp-json\/wp\/v2\/media\/8896"}],"wp:attachment":[{"href":"https:\/\/fecavem.com\/es\/wp-json\/wp\/v2\/media?parent=8894"}],"wp:term":[{"taxonomy":"category","embeddable":true,"href":"https:\/\/fecavem.com\/es\/wp-json\/wp\/v2\/categories?post=8894"},{"taxonomy":"post_tag","embeddable":true,"href":"https:\/\/fecavem.com\/es\/wp-json\/wp\/v2\/tags?post=8894"}],"curies":[{"name":"wp","href":"https:\/\/api.w.org\/{rel}","templated":true}]}}