{"id":8997,"date":"2023-01-02T11:55:42","date_gmt":"2023-01-02T11:55:42","guid":{"rendered":"https:\/\/fecavem.com\/save-the-date-automobile-talks-previsions-mercat-2023\/"},"modified":"2023-01-02T12:05:16","modified_gmt":"2023-01-02T12:05:16","slug":"save-the-date-automobile-talks-previsiones-mercado-2023","status":"publish","type":"post","link":"https:\/\/fecavem.com\/es\/save-the-date-automobile-talks-previsiones-mercado-2023\/","title":{"rendered":"SAVE THE DATE! Automobile Talks sobre previsiones de mercado para el 2023"},"content":{"rendered":"\n<p>Este a\u00f1o 2023 vuelve a cargo de propuestas y jornadas informativas. El mes de enero es clave para prever la evoluci\u00f3n de nuestro mercado y por eso le ofrecemos un adelanto en exclusiva. Reserva la fecha en sus agendas profesionales para que el pr\u00f3ximo jueves 12 de enero a las 10:30h, haremos una sesi\u00f3n informativa del cierre del ejercicio 2022 y facilitaremos las previsiones de 2023, con una duraci\u00f3n prevista de una hora y media, desde la sede del BBVA de Barcelona, \u200b\u200ben la plaza Antoni Maura s\/n, junto a Via Laietana.<\/p>\n\n\n\n<p>Empecemos el a\u00f1o poniendo el marcador a cero, es decir, analizando qu\u00e9 aspectos m\u00e1s relevantes marcar\u00e1n el curso del mundo de la distribuci\u00f3n automovil\u00edstica en nuestro pa\u00eds.<\/p>\n\n\n\n<p>Por eso, un a\u00f1o m\u00e1s, queremos escuchar la voz de nuestros expertos. Os invitamos al primer Automobile Talks de 2023 que contar\u00e1 con doble formato: presencial y virtual. Facilitaremos las previsiones de matriculaciones y ventas finales de uso de turismos, motocicletas y veh\u00edculos comerciales ligeros.<\/p>\n\n\n\n<p>Inscripciones aqu\u00ed:<\/p>\n\n\n\n<div class=\"wp-block-buttons is-layout-flex wp-block-buttons-is-layout-flex\">\n<div class=\"wp-block-button aligncenter\"><a class=\"wp-block-button__link wp-element-button\" href=\"https:\/\/docs.google.com\/forms\/d\/e\/1FAIpQLSd3ZY3hf41xecU-UgPuuB9p4iHz_3UjvAR295zcpr47UYc0Lw\/viewform\" rel=\"noopener\">INSCR\u00cdBETE<\/a><\/div>\n<\/div>\n\n\n\n<p><\/p>\n\n\n\n<p><\/p>\n","protected":false},"excerpt":{"rendered":"<p>Este a\u00f1o 2023 vuelve a cargo de propuestas y jornadas informativas. El mes de enero es clave para prever la evoluci\u00f3n de nuestro mercado y por eso le ofrecemos un adelanto en exclusiva. Reserva la fecha en sus agendas profesionales para que el pr\u00f3ximo jueves 12 de enero a las 10:30h, haremos una sesi\u00f3n informativa [&#8230;]<\/p>\n","protected":false},"author":2,"featured_media":8994,"comment_status":"closed","ping_status":"closed","sticky":false,"template":"","format":"standard","meta":{"footnotes":"","_links_to":"","_links_to_target":""},"categories":[104],"tags":[129],"class_list":["post-8997","post","type-post","status-publish","format-standard","has-post-thumbnail","hentry","category-automobile-talks-es","tag-automobile-talks-es"],"_links":{"self":[{"href":"https:\/\/fecavem.com\/es\/wp-json\/wp\/v2\/posts\/8997","targetHints":{"allow":["GET"]}}],"collection":[{"href":"https:\/\/fecavem.com\/es\/wp-json\/wp\/v2\/posts"}],"about":[{"href":"https:\/\/fecavem.com\/es\/wp-json\/wp\/v2\/types\/post"}],"author":[{"embeddable":true,"href":"https:\/\/fecavem.com\/es\/wp-json\/wp\/v2\/users\/2"}],"replies":[{"embeddable":true,"href":"https:\/\/fecavem.com\/es\/wp-json\/wp\/v2\/comments?post=8997"}],"version-history":[{"count":1,"href":"https:\/\/fecavem.com\/es\/wp-json\/wp\/v2\/posts\/8997\/revisions"}],"predecessor-version":[{"id":8998,"href":"https:\/\/fecavem.com\/es\/wp-json\/wp\/v2\/posts\/8997\/revisions\/8998"}],"wp:featuredmedia":[{"embeddable":true,"href":"https:\/\/fecavem.com\/es\/wp-json\/wp\/v2\/media\/8994"}],"wp:attachment":[{"href":"https:\/\/fecavem.com\/es\/wp-json\/wp\/v2\/media?parent=8997"}],"wp:term":[{"taxonomy":"category","embeddable":true,"href":"https:\/\/fecavem.com\/es\/wp-json\/wp\/v2\/categories?post=8997"},{"taxonomy":"post_tag","embeddable":true,"href":"https:\/\/fecavem.com\/es\/wp-json\/wp\/v2\/tags?post=8997"}],"curies":[{"name":"wp","href":"https:\/\/api.w.org\/{rel}","templated":true}]}}