{"id":9331,"date":"2023-01-13T06:51:15","date_gmt":"2023-01-13T06:51:15","guid":{"rendered":"https:\/\/fecavem.com\/mercat-catala-automocio-pujara-10-2023-consultora-msi\/"},"modified":"2023-01-13T06:57:16","modified_gmt":"2023-01-13T06:57:16","slug":"mercado-catalan-automocion-subira-10-2023-consultora-msi","status":"publish","type":"post","link":"https:\/\/fecavem.com\/es\/mercado-catalan-automocion-subira-10-2023-consultora-msi\/","title":{"rendered":"El mercado catal\u00e1n de la automoci\u00f3n subir\u00e1 un 10% en el 2023, seg\u00fan la consultora MSI"},"content":{"rendered":"\n<p><strong>Fecavem ha sido la primera patronal de la automoci\u00f3n en Espa\u00f1a que ha avanzado los datos de ventas en previsi\u00f3n para este 2023. De nuevo, el experto y analista de datos, Jos\u00e9 Manuel L\u00f3pez Montoya, de MSI Iberia, ha avanzado en exclusiva este estudio desde la sede del BBVA en Catalunya.<\/strong><\/p>\n\n\n\n<p>Sus datos han ido acompa\u00f1ados de la previsi\u00f3n macro econ\u00f3mica por parte del consultor Pep Ruiz de Aguirre, de BBVA Research. El acto ha dado el pistoletazo de salida con la bienvenida del presidente de Fecavem y el Gremi&nbsp;del Motor, Jaume Roura, que ha remarcado la importancia de tener una administraci\u00f3n y unos gobiernos y pol\u00edticos que apoyen a las f\u00e1bricas y los concesionarios que, en torno a automoci\u00f3n, son uno de los principales motores de la industria actual. Posteriormente, Xavi Vila, Director del BBVA Research en Catalunya, ha reiterado que el BBVA sigue apostando, un a\u00f1o m\u00e1s, por estar junto a nuestro sector.<\/p>\n\n\n\n<figure class=\"wp-block-image size-full\"><img loading=\"lazy\" decoding=\"async\" width=\"1024\" height=\"768\" src=\"https:\/\/fecavem.com\/wp-content\/uploads\/2023\/01\/WhatsApp-Image-2023-01-12-at-12.28.17.jpeg\" alt=\"\" class=\"wp-image-9323\" srcset=\"https:\/\/fecavem.com\/wp-content\/uploads\/2023\/01\/WhatsApp-Image-2023-01-12-at-12.28.17.jpeg 1024w, https:\/\/fecavem.com\/wp-content\/uploads\/2023\/01\/WhatsApp-Image-2023-01-12-at-12.28.17-300x225.jpeg 300w, https:\/\/fecavem.com\/wp-content\/uploads\/2023\/01\/WhatsApp-Image-2023-01-12-at-12.28.17-768x576.jpeg 768w, https:\/\/fecavem.com\/wp-content\/uploads\/2023\/01\/WhatsApp-Image-2023-01-12-at-12.28.17-750x563.jpeg 750w\" sizes=\"auto, (max-width: 1024px) 100vw, 1024px\" \/><\/figure>\n\n\n\n<p><\/p>\n\n\n\n<p>El Presidente Roura ha subrayado la necesidad de realizar las previsiones de cara al a\u00f1o en curso, despu\u00e9s de un 2022 dif\u00edcil. Destaca la necesidad de avanzar hacia la normalidad, as\u00ed como unir a toda la cadena de valor de la automoci\u00f3n para afrontar el futuro. Cifra en Espa\u00f1a-segundo productor de Europa del sector de la automoci\u00f3n-\u00a0en 26 millones de euros su volumen de facturaci\u00f3n, respecto a los 250.000 de la bicicleta. Y subraya que detr\u00e1s del sector de la automoci\u00f3n hay una actividad econ\u00f3mica muy importante y de empleo, que debemos hacerle valer ante la sociedad.<\/p>\n\n\n\n<p><\/p>\n\n\n\n<figure class=\"wp-block-embed is-type-video is-provider-youtube wp-block-embed-youtube wp-embed-aspect-4-3 wp-has-aspect-ratio\"><div class=\"wp-block-embed__wrapper\">\n<iframe loading=\"lazy\" title=\"Intervenci\u00f3n de Jos\u00e9 Manuel L\u00f3pez Montoya, consultor experto en automoci\u00f3n designado por MSI Iberia\" width=\"780\" height=\"585\" src=\"https:\/\/www.youtube.com\/embed\/Nuh8ZhE4Xtc?feature=oembed\" frameborder=\"0\" allow=\"accelerometer; autoplay; clipboard-write; encrypted-media; gyroscope; picture-in-picture; web-share\" allowfullscreen><\/iframe>\n<\/div><\/figure>\n\n\n\n<p><\/p>\n\n\n\n<p>Ya en el \u00e1mbito de los datos propiamente dichos, Montoya ha avanzado&nbsp;que el mercado automovil\u00edstico espa\u00f1ol crecer\u00e1 desde las ventas de 813.686 pasadas a 952.956 unidades en 2023. Este aumento de 139.000 autom\u00f3viles supera, incluso, las previsiones del sector han marcado la cifra final en los 900.000 con el miedo constante de los obst\u00e1culos repentinos que aparecen. Y hacia 2024, es cuando el sector se ha marcado superar la barrera del mill\u00f3n de turismos, con unas matriculaciones estimadas de 1.062.709 coches y todoterrenos, seg\u00fan el estudio MSI presentado en la sede del BBVA Research en la capital catalana. Pronostica que el mercado automovil\u00edstico catal\u00e1n crecer\u00e1 desde las ventas de 101.688 pasadas a 112.184 unidades en 2023, lo que supone un 10% m\u00e1s interanual.<\/p>\n\n\n\n<p>Si entramos en el detalle de la tipolog\u00eda de veh\u00edculo, quienes definitivamente est\u00e1n superando todos los obst\u00e1culos sin registrar ning\u00fan balance negativo son los veh\u00edculos de dos ruedas. La evoluci\u00f3n desde 2021 es claramente favorable y tambi\u00e9n lo ser\u00e1, por tercer a\u00f1o consectivo, este 2023. Tanto ciclomotores como motocicletas cerraron en 2022 con 184.406 matriculaciones; en 2022 con 192.764; y este 2023 se prev\u00e9 que llegue hasta las 201.813 y en 2024, hasta las 206.788. En cuanto a Catalu\u00f1a, en 2021 cerraron con 43.741 matriculaciones; en 2022 con 45.202; y este 2023 se prev\u00e9 que llegue hasta las 46.577 y en 2024, hasta las 47.717. Tendencias de crecimiento moderado pero efectivas.<\/p>\n\n\n\n<p>Si analizamos el mercado en funci\u00f3n de los a\u00f1os de cada veh\u00edculo, la irrupci\u00f3n del veh\u00edculo de ocasi\u00f3n seguir\u00e1 siendo una constante y dando respuesta a la carencia de disponibilidad inmediata del VN. A modo de ejemplo, en los veh\u00edculos de 6 a 10 a\u00f1os de antig\u00fcedad, se incrementar\u00e1n en mayor medida de los 266.880 a 298.638 veh\u00edculos. Y progresivamente, los de m\u00e1s de 10 a\u00f1os de antig\u00fcedad suavizar\u00e1n el crecimiento, este a\u00f1o se prev\u00e9 un crecimiento del 0,9% aunque todav\u00eda seguir\u00e1n siendo los mayoritarios. La cifra estimada del mercado de VO asciende a 1.919.337 entre turismos y 4&#215;4. Este mismo dato en Catalu\u00f1a es de 272.727 unidades, frente a los 270.281 de 2022.<\/p>\n\n\n\n<p><\/p>\n\n\n\n<figure class=\"wp-block-image size-full\"><img loading=\"lazy\" decoding=\"async\" width=\"1024\" height=\"682\" src=\"https:\/\/fecavem.com\/wp-content\/uploads\/2023\/01\/WhatsApp-Image-2023-01-12-at-11.41.52.jpeg\" alt=\"\" class=\"wp-image-9325\" srcset=\"https:\/\/fecavem.com\/wp-content\/uploads\/2023\/01\/WhatsApp-Image-2023-01-12-at-11.41.52.jpeg 1024w, https:\/\/fecavem.com\/wp-content\/uploads\/2023\/01\/WhatsApp-Image-2023-01-12-at-11.41.52-300x200.jpeg 300w, https:\/\/fecavem.com\/wp-content\/uploads\/2023\/01\/WhatsApp-Image-2023-01-12-at-11.41.52-768x512.jpeg 768w, https:\/\/fecavem.com\/wp-content\/uploads\/2023\/01\/WhatsApp-Image-2023-01-12-at-11.41.52-750x500.jpeg 750w\" sizes=\"auto, (max-width: 1024px) 100vw, 1024px\" \/><\/figure>\n\n\n\n<p><\/p>\n\n\n\n<p>En cuanto a la previsi\u00f3n macro econ\u00f3mica, Pep Ruiz de Aguirre ha asegurado que la actividad ganar\u00e1 tracci\u00f3n a medida que se ejecuten los fondos Next Generation y se desvanezcan las incertidumbres que afectan a familias y empresas, lo que impulsar\u00e1 el crecimiento del PIB en 2024. La ca\u00edda de la inflaci\u00f3n continuar\u00e1, y no parece haber problemas en el suministro de gas. Empresas y familias est\u00e1n mejor preparadas para enfrentar un entorno de mayor volatilidad. Tampoco se observan desequilibrios en los sectores econ\u00f3micos y el ahorro acumulado durante la pandemia ayuda a mantener el consumo.<\/p>\n","protected":false},"excerpt":{"rendered":"<p>Fecavem ha sido la primera patronal de la automoci\u00f3n en Espa\u00f1a que ha avanzado los datos de ventas en previsi\u00f3n para este 2023. De nuevo, el experto y analista de datos, Jos\u00e9 Manuel L\u00f3pez Montoya, de MSI Iberia, ha avanzado en exclusiva este estudio desde la sede del BBVA en Catalunya. Sus datos han ido [&#8230;]<\/p>\n","protected":false},"author":2,"featured_media":9328,"comment_status":"closed","ping_status":"closed","sticky":false,"template":"","format":"standard","meta":{"footnotes":"","_links_to":"","_links_to_target":""},"categories":[90],"tags":[],"class_list":["post-9331","post","type-post","status-publish","format-standard","has-post-thumbnail","hentry","category-matriculaciones"],"_links":{"self":[{"href":"https:\/\/fecavem.com\/es\/wp-json\/wp\/v2\/posts\/9331","targetHints":{"allow":["GET"]}}],"collection":[{"href":"https:\/\/fecavem.com\/es\/wp-json\/wp\/v2\/posts"}],"about":[{"href":"https:\/\/fecavem.com\/es\/wp-json\/wp\/v2\/types\/post"}],"author":[{"embeddable":true,"href":"https:\/\/fecavem.com\/es\/wp-json\/wp\/v2\/users\/2"}],"replies":[{"embeddable":true,"href":"https:\/\/fecavem.com\/es\/wp-json\/wp\/v2\/comments?post=9331"}],"version-history":[{"count":2,"href":"https:\/\/fecavem.com\/es\/wp-json\/wp\/v2\/posts\/9331\/revisions"}],"predecessor-version":[{"id":9334,"href":"https:\/\/fecavem.com\/es\/wp-json\/wp\/v2\/posts\/9331\/revisions\/9334"}],"wp:featuredmedia":[{"embeddable":true,"href":"https:\/\/fecavem.com\/es\/wp-json\/wp\/v2\/media\/9328"}],"wp:attachment":[{"href":"https:\/\/fecavem.com\/es\/wp-json\/wp\/v2\/media?parent=9331"}],"wp:term":[{"taxonomy":"category","embeddable":true,"href":"https:\/\/fecavem.com\/es\/wp-json\/wp\/v2\/categories?post=9331"},{"taxonomy":"post_tag","embeddable":true,"href":"https:\/\/fecavem.com\/es\/wp-json\/wp\/v2\/tags?post=9331"}],"curies":[{"name":"wp","href":"https:\/\/api.w.org\/{rel}","templated":true}]}}