{"id":9445,"date":"2023-01-20T13:37:14","date_gmt":"2023-01-20T13:37:14","guid":{"rendered":"https:\/\/fecavem.com\/pla-usos-comercials-eixample-consistori-barceloni-escolta-nostres-queixes\/"},"modified":"2023-01-20T13:43:26","modified_gmt":"2023-01-20T13:43:26","slug":"plan-usos-comerciales-eixample-consistorio-barcelones-escucha-nuestras-reivindicaciones","status":"publish","type":"post","link":"https:\/\/fecavem.com\/es\/plan-usos-comerciales-eixample-consistorio-barcelones-escucha-nuestras-reivindicaciones\/","title":{"rendered":"Plan de Usos\u00a0Comerciales del Eixample: el consistorio barcelon\u00e9s escucha, finalmente, nuestras reivindicaciones"},"content":{"rendered":"\n<p><strong>El gobierno municipal del Ayuntamiento de Barcelona rectifica el proyecto de Plan de usos comerciales del Eixample y deja fuera al sector de la automoci\u00f3n.<\/strong><\/p>\n\n\n\n<p>Os informamos que, a trav\u00e9s de una iniciativa liderada por Barcelona en Com\u00fan en el mes de marzo del a\u00f1o 2022, se inici\u00f3 la redacci\u00f3n del Plan de usos del Eixample y que la primera acci\u00f3n de la Comisi\u00f3n de gobierno , fue anunciar la suspensi\u00f3n el d\u00eda 3 de marzo de 2022 y por un m\u00e1ximo de dos a\u00f1os, de las licencias y\/o comunicados para la instalaci\u00f3n o la ampliaci\u00f3n por un conjunto de actividades, entre las que figuraban l exposici\u00f3n, venta, alquiler y reparaci\u00f3n de veh\u00edculos.<\/p>\n\n\n\n<p>Adem\u00e1s, inici\u00f3 el proceso de participaci\u00f3n, al que hemos presentado las correspondientes alegaciones como entidad afectada, con la intenci\u00f3n de excluir las limitaciones que afectan a nuestra actividad.<\/p>\n\n\n\n<p>Ayer, el gobierno municipal inform\u00f3 de que llevar\u00e1 a aprobaci\u00f3n definitiva el plan de usos, excluyendo la limitaci\u00f3n que compromete al sector, por lo que ya no nos afectar\u00e1n ni la limitaci\u00f3n ni la suspensi\u00f3n.<\/p>\n\n\n\n<p>Como colectivo de empresas del comercio y la automoci\u00f3n, nuestro posicionamiento respecto al conjunto del Plan de usos, lo hemos coordinado con otras entidades como Foment del Treball Nacional, el Consejo de Gremios de Comerciantes y Servicios, el Gremio de Talleres de Reparaci\u00f3n de Barcelona y Barcelona Oberta.<\/p>\n\n\n\n<p>Valoramos positivamente haber conseguido corregir un Plan que, en su proyecto inicial, resultaba muy negativo para las empresas del sector implantadas en el Eixample de Barcelona.<\/p>\n","protected":false},"excerpt":{"rendered":"<p>El gobierno municipal del Ayuntamiento de Barcelona rectifica el proyecto de Plan de usos comerciales del Eixample y deja fuera al sector de la automoci\u00f3n. Os informamos que, a trav\u00e9s de una iniciativa liderada por Barcelona en Com\u00fan en el mes de marzo del a\u00f1o 2022, se inici\u00f3 la redacci\u00f3n del Plan de usos del [&#8230;]<\/p>\n","protected":false},"author":2,"featured_media":9443,"comment_status":"closed","ping_status":"closed","sticky":false,"template":"","format":"standard","meta":{"footnotes":"","_links_to":"","_links_to_target":""},"categories":[91],"tags":[],"class_list":["post-9445","post","type-post","status-publish","format-standard","has-post-thumbnail","hentry","category-gremi-del-motor-es"],"_links":{"self":[{"href":"https:\/\/fecavem.com\/es\/wp-json\/wp\/v2\/posts\/9445","targetHints":{"allow":["GET"]}}],"collection":[{"href":"https:\/\/fecavem.com\/es\/wp-json\/wp\/v2\/posts"}],"about":[{"href":"https:\/\/fecavem.com\/es\/wp-json\/wp\/v2\/types\/post"}],"author":[{"embeddable":true,"href":"https:\/\/fecavem.com\/es\/wp-json\/wp\/v2\/users\/2"}],"replies":[{"embeddable":true,"href":"https:\/\/fecavem.com\/es\/wp-json\/wp\/v2\/comments?post=9445"}],"version-history":[{"count":2,"href":"https:\/\/fecavem.com\/es\/wp-json\/wp\/v2\/posts\/9445\/revisions"}],"predecessor-version":[{"id":9448,"href":"https:\/\/fecavem.com\/es\/wp-json\/wp\/v2\/posts\/9445\/revisions\/9448"}],"wp:featuredmedia":[{"embeddable":true,"href":"https:\/\/fecavem.com\/es\/wp-json\/wp\/v2\/media\/9443"}],"wp:attachment":[{"href":"https:\/\/fecavem.com\/es\/wp-json\/wp\/v2\/media?parent=9445"}],"wp:term":[{"taxonomy":"category","embeddable":true,"href":"https:\/\/fecavem.com\/es\/wp-json\/wp\/v2\/categories?post=9445"},{"taxonomy":"post_tag","embeddable":true,"href":"https:\/\/fecavem.com\/es\/wp-json\/wp\/v2\/tags?post=9445"}],"curies":[{"name":"wp","href":"https:\/\/api.w.org\/{rel}","templated":true}]}}