{"id":9594,"date":"2023-02-01T13:58:55","date_gmt":"2023-02-01T13:58:55","guid":{"rendered":"https:\/\/fecavem.com\/xavier-cabestany-maquina-motors-la-mobilitat-es-necessaria-per-a-una-societat-desenvolupada\/"},"modified":"2023-02-01T14:07:03","modified_gmt":"2023-02-01T14:07:03","slug":"xavier-cabestany-maquina-motors-movilidad-necesaria-sociedad-desarrollada","status":"publish","type":"post","link":"https:\/\/fecavem.com\/es\/xavier-cabestany-maquina-motors-movilidad-necesaria-sociedad-desarrollada\/","title":{"rendered":"Xavier Cabestany, Maquina Motors: \u00abLa movilidad es necesaria para una sociedad desarrollada\u00bb"},"content":{"rendered":"\n<p>Xavier Cabestany, vocal del Gremi del Motor, es el invitado de la revista Infogremi del mes de febrero para conocer de cerca, toda la labor que lleva d\u00e9cadas realizando al frente de Maquina Motors. Con \u00e9l, tambi\u00e9n tomamos el pulso en la actualidad sobre ruedas.<\/p>\n\n\n\n<figure class=\"wp-block-image size-full\"><img loading=\"lazy\" decoding=\"async\" width=\"1024\" height=\"768\" src=\"https:\/\/fecavem.com\/wp-content\/uploads\/2023\/02\/ATRN2973.jpg\" alt=\"\" class=\"wp-image-9587\" srcset=\"https:\/\/fecavem.com\/wp-content\/uploads\/2023\/02\/ATRN2973.jpg 1024w, https:\/\/fecavem.com\/wp-content\/uploads\/2023\/02\/ATRN2973-300x225.jpg 300w, https:\/\/fecavem.com\/wp-content\/uploads\/2023\/02\/ATRN2973-768x576.jpg 768w, https:\/\/fecavem.com\/wp-content\/uploads\/2023\/02\/ATRN2973-750x563.jpg 750w\" sizes=\"auto, (max-width: 1024px) 100vw, 1024px\" \/><\/figure>\n\n\n\n<p><\/p>\n\n\n\n<p><strong>\u00bfC\u00f3mo ha cambiado la movilidad en cuanto usted est\u00e1 en el mundo de la automoci\u00f3n?<\/strong><\/p>\n\n\n\n<p>Muy poco a la vez. Al final, lo necesario siempre es ofrecer un producto de calidad y adaptado a los retos que impulsan las nuevas ciudades y las conexiones entre ellas. Por otra parte, nosotros ofrecemos el producto, pero tambi\u00e9n la soluci\u00f3n a la movilidad, una necesidad b\u00e1sica que ahora se cuestiona y si \u00e9sta funciona, resulta un gran indicativo propio de una sociedad desarrollada.<\/p>\n\n\n\n<p><strong>Y en esa transformaci\u00f3n est\u00e1 la electrificaci\u00f3n\u2026<\/strong><\/p>\n\n\n\n<p>Evidentemente. Pero debemos vigilar c\u00f3mo lo hacemos todo esto, por ejemplo con los puntos de recarga que en el conjunto del Estado espa\u00f1ol son demasiado menores si queremos hacer la transici\u00f3n verde que se nos pide. Afortunadamente, en el sector de las dos ruedas es m\u00e1s f\u00e1cil realizar la conversi\u00f3n porque tambi\u00e9n las necesidades energ\u00e9ticas son menores.<\/p>\n\n\n\n<p><strong>\u00bfHablamos de Maquina Motors, qu\u00e9 marcas encontramos y qu\u00e9 novedades nos puede dar?<\/strong><\/p>\n\n\n\n<p>Novedades no quiero dejar ninguna y de marcas tampoco. Trabajamos con producto de calidad, pero me sabr\u00eda mal hacer publicidad de una y de otra no. Las actividades del Grupo Maquina Motors comprenden la comercializaci\u00f3n de motos nuevas, semi-nuevas, KM0 u ocasi\u00f3n. Somos concesionario oficial de KTM, Triumph, Honda, Suzuki, Ducati, Kawasaki, Ecooter. En Maquina Motors ponemos a tu disposici\u00f3n un servicio completo de postventa con el personal m\u00e1s preparado, que te asesorar\u00e1 en el mantenimiento y cuidado de tu moto: servicio t\u00e9cnico de reparaci\u00f3n, venta de accesorios, equipaci\u00f3n para motoristas, compra\/ tasaci\u00f3n de motocicletas y lubricantes\/repuestos originales. Hasta ahora, contamos con 10 tiendas f\u00edsicas y m\u00e1s de 100 profesionales, nuestro equipo humano es nuestra mejor apuesta!<\/p>\n\n\n\n<figure class=\"wp-block-image size-large\"><img loading=\"lazy\" decoding=\"async\" width=\"1024\" height=\"683\" src=\"https:\/\/fecavem.com\/wp-content\/uploads\/2023\/02\/maquina-1024x683.jpg\" alt=\"\" class=\"wp-image-9591\" srcset=\"https:\/\/fecavem.com\/wp-content\/uploads\/2023\/02\/maquina-1024x683.jpg 1024w, https:\/\/fecavem.com\/wp-content\/uploads\/2023\/02\/maquina-300x200.jpg 300w, https:\/\/fecavem.com\/wp-content\/uploads\/2023\/02\/maquina-768x512.jpg 768w, https:\/\/fecavem.com\/wp-content\/uploads\/2023\/02\/maquina-1536x1025.jpg 1536w, https:\/\/fecavem.com\/wp-content\/uploads\/2023\/02\/maquina-750x500.jpg 750w, https:\/\/fecavem.com\/wp-content\/uploads\/2023\/02\/maquina-1140x760.jpg 1140w, https:\/\/fecavem.com\/wp-content\/uploads\/2023\/02\/maquina.jpg 2048w\" sizes=\"auto, (max-width: 1024px) 100vw, 1024px\" \/><\/figure>\n\n\n\n<p><\/p>\n\n\n\n<p><strong>Y en cuanto al VO, \u00bfha percibido tambi\u00e9n un inter\u00e9s m\u00e1s considerable que en otras \u00e9pocas como ha pasado, por ejemplo, con los turismos?<\/strong><\/p>\n\n\n\n<p>Las entregas en motos y motocicletas no han sufrido tantas consecuencias como las veh\u00edculos de cuatro ruedas y hemos sabido movernos muy bien en ambos mercados. Las actividades del Grupo Maquina Motors comprenden la comercializaci\u00f3n de motos nuevas, semi-nuevas, KM0 u ocasi\u00f3n. Somos concesionario oficial de KTM, Triumph, Honda, Suzuki, Ducati, Kawasaki, Ecooter. En Maquina Motors ponemos a tu disposici\u00f3n un servicio completo de postventa con el personal m\u00e1s preparado, que te asesorar\u00e1 en el mantenimiento y cuidado de tu moto: servicio t\u00e9cnico de reparaci\u00f3n, venta de accesorios, equipaci\u00f3n para motoristas, compra\/ tasaci\u00f3n de motocicletas y lubricantes\/repuestos originales. Hasta ahora, contamos con 10 tiendas f\u00edsicas y m\u00e1s de 100 profesionales.<\/p>\n\n\n\n<p><strong>No est\u00e1 mal. Toda una vida de constancia y esfuerzo.<\/strong><\/p>\n\n\n\n<p>Nacimos en 1978 de la mano de amantes de las dos ruedas que un d\u00eda decidieron convertir su pasi\u00f3n en oficio. Desde entonces hemos trabajado para ofrecer la mejor experiencia a las personas que adquieren una moto. Para ello, basamos nuestra filosof\u00eda en la b\u00fasqueda de la excelencia, lo que nos permite mejorar d\u00eda a d\u00eda. Invertimos en mejorar los procedimientos para que nuestros clientes queden totalmente satisfechos. Ofrecemos una amplia oferta de motos, somos l\u00edderes en ventas de moto nueva y servicio en las marcas que representamos, que se encuentran entre las mejores del mercado. Tambi\u00e9n somos la mayor selecci\u00f3n de motos de ocasi\u00f3n del territorio espa\u00f1ol. Dentro de nuestras instalaciones podr\u00e1s comparar un extenso cat\u00e1logo de motos nuevas y conocer los \u00faltimos modelos.<\/p>\n\n\n\n<p><\/p>\n","protected":false},"excerpt":{"rendered":"<p>Xavier Cabestany, vocal del Gremi del Motor, es el invitado de la revista Infogremi del mes de febrero para conocer de cerca, toda la labor que lleva d\u00e9cadas realizando al frente de Maquina Motors. Con \u00e9l, tambi\u00e9n tomamos el pulso en la actualidad sobre ruedas. \u00bfC\u00f3mo ha cambiado la movilidad en cuanto usted est\u00e1 en [&#8230;]<\/p>\n","protected":false},"author":2,"featured_media":9590,"comment_status":"closed","ping_status":"closed","sticky":false,"template":"","format":"standard","meta":{"footnotes":"","_links_to":"","_links_to_target":""},"categories":[91],"tags":[],"class_list":["post-9594","post","type-post","status-publish","format-standard","has-post-thumbnail","hentry","category-gremi-del-motor-es"],"_links":{"self":[{"href":"https:\/\/fecavem.com\/es\/wp-json\/wp\/v2\/posts\/9594","targetHints":{"allow":["GET"]}}],"collection":[{"href":"https:\/\/fecavem.com\/es\/wp-json\/wp\/v2\/posts"}],"about":[{"href":"https:\/\/fecavem.com\/es\/wp-json\/wp\/v2\/types\/post"}],"author":[{"embeddable":true,"href":"https:\/\/fecavem.com\/es\/wp-json\/wp\/v2\/users\/2"}],"replies":[{"embeddable":true,"href":"https:\/\/fecavem.com\/es\/wp-json\/wp\/v2\/comments?post=9594"}],"version-history":[{"count":2,"href":"https:\/\/fecavem.com\/es\/wp-json\/wp\/v2\/posts\/9594\/revisions"}],"predecessor-version":[{"id":9598,"href":"https:\/\/fecavem.com\/es\/wp-json\/wp\/v2\/posts\/9594\/revisions\/9598"}],"wp:featuredmedia":[{"embeddable":true,"href":"https:\/\/fecavem.com\/es\/wp-json\/wp\/v2\/media\/9590"}],"wp:attachment":[{"href":"https:\/\/fecavem.com\/es\/wp-json\/wp\/v2\/media?parent=9594"}],"wp:term":[{"taxonomy":"category","embeddable":true,"href":"https:\/\/fecavem.com\/es\/wp-json\/wp\/v2\/categories?post=9594"},{"taxonomy":"post_tag","embeddable":true,"href":"https:\/\/fecavem.com\/es\/wp-json\/wp\/v2\/tags?post=9594"}],"curies":[{"name":"wp","href":"https:\/\/api.w.org\/{rel}","templated":true}]}}