{"id":9795,"date":"2023-02-17T08:27:43","date_gmt":"2023-02-17T08:27:43","guid":{"rendered":"https:\/\/fecavem.com\/?p=9795"},"modified":"2023-02-17T08:33:29","modified_gmt":"2023-02-17T08:33:29","slug":"retraso-aplicacion-moves-informe-patronal","status":"publish","type":"post","link":"https:\/\/fecavem.com\/es\/retraso-aplicacion-moves-informe-patronal\/","title":{"rendered":"Retraso en la aplicaci\u00f3n del MOVES III: informe de nuestra Patronal"},"content":{"rendered":"\n<p>Tras las \u00faltimas ampliaciones de presupuesto del Moves III, el presupuesto total del programa asciende actualmente a 693M\/\u20ac. Desde Fecavem, queremos poner de manifiesto que la dotaci\u00f3n de las ayudas a la compra de veh\u00edculos s<strong>\u00f3lo queda un 2% de dotaci\u00f3n y el de infraestructuras de recarga, un 7%.<\/strong> Y, por su parte, las resoluciones otorgadas con respecto a las solicitadas son del 71% y el 50% en las dos l\u00edneas de ayudas abiertas.<\/p>\n\n\n\n<p>En cuanto a los pagos efectivamente transferidos a los beneficiarios, <strong>s\u00f3lo se han liquidado un 3% y lleva un retraso considerable. <\/strong>Hemos comunicado al ICAEN que se lleva un retraso considerable y que los incentivos se resuelven demasiado lentamente y le restan eficiencia.<strong> Desde Fecavem, le adjuntamos la carta que hemos hecho llegar al ICAEN y el \u00faltimo informe de estado del plan, elaborado con los datos facilitados por ICAEN-IDAE.<\/strong><\/p>\n\n\n\n<p>Por su parte, hemos sabido que el Presidente del gobierno espa\u00f1ol, Pedro S\u00e1nchez, reitera su compromiso con el sector de la automoci\u00f3n, destacando la ampliaci\u00f3n del programa MOVES en 0,4M\u20ac. Fecavem acoge este anuncio muy positivamente, poniendo de manifiesto que la continuidad del programa le da credibilidad y m\u00e1s fuerza. <strong>En el encuentro mantenido entre el presidente S\u00e1nchez y ANFAC, uno de los compromisos de La Moncloa es dotar al MOVES con 400.000.000\u20ac.<\/strong><\/p>\n\n\n\n<p>Fecavem valora positivamente la ayuda, destacando la importancia de que los programas deben tener continuidad en el tiempo y pide al ICAEN que haga efectiva las asignaciones, porque aqu\u00ed en Catalunya est\u00e1 a punto de agotarse la dotaci\u00f3n presupuestaria actual. En definitiva, a juicio de Fecavem son dos las cuestiones que se necesitan una r\u00e1pida actuaci\u00f3n del Gobierno catal\u00e1n: optimizar la gesti\u00f3n del plan y renovar la dotaci\u00f3n presupuestaria.<\/p>\n\n\n\n<p><strong>Le detallamos el Informe elaborado por Fecavem y la carta enviada al ICAEN.<\/strong><\/p>\n\n\n\n<div data-wp-interactive=\"core\/file\" class=\"wp-block-file\"><object data-wp-bind--hidden=\"!state.hasPdfPreview\" hidden class=\"wp-block-file__embed\" data=\"https:\/\/fecavem.com\/wp-content\/uploads\/2023\/02\/2023207_Informe_MOVES_Catalunya-1.pdf\" type=\"application\/pdf\" style=\"width:100%;height:600px\" aria-label=\"Incrustado de 2023207_Informe_MOVES_Catalunya-1.\"><\/object><a id=\"wp-block-file--media-f5d9f8b0-4c88-4a6c-bf70-6b4f2e0e1d39\" href=\"https:\/\/fecavem.com\/wp-content\/uploads\/2023\/02\/2023207_Informe_MOVES_Catalunya-1.pdf\">2023207_Informe_MOVES_Catalunya-1<\/a><a href=\"https:\/\/fecavem.com\/wp-content\/uploads\/2023\/02\/2023207_Informe_MOVES_Catalunya-1.pdf\" class=\"wp-block-file__button wp-element-button\" download aria-describedby=\"wp-block-file--media-f5d9f8b0-4c88-4a6c-bf70-6b4f2e0e1d39\">Descarga<\/a><\/div>\n\n\n\n<p><\/p>\n\n\n\n<div data-wp-interactive=\"core\/file\" class=\"wp-block-file\"><object data-wp-bind--hidden=\"!state.hasPdfPreview\" hidden class=\"wp-block-file__embed\" data=\"https:\/\/fecavem.com\/wp-content\/uploads\/2023\/02\/20230208_Carta_Directora_ICAEN_moves_III_Catalunya_1_.pdf\" type=\"application\/pdf\" style=\"width:100%;height:600px\" aria-label=\"Incrustado de 20230208_Carta_Directora_ICAEN_moves_III_Catalunya_1_.\"><\/object><a id=\"wp-block-file--media-68c2bb75-0164-47b0-9fc6-47566784f0a1\" href=\"https:\/\/fecavem.com\/wp-content\/uploads\/2023\/02\/20230208_Carta_Directora_ICAEN_moves_III_Catalunya_1_.pdf\">20230208_Carta_Directora_ICAEN_moves_III_Catalunya_1_<\/a><a href=\"https:\/\/fecavem.com\/wp-content\/uploads\/2023\/02\/20230208_Carta_Directora_ICAEN_moves_III_Catalunya_1_.pdf\" class=\"wp-block-file__button wp-element-button\" download aria-describedby=\"wp-block-file--media-68c2bb75-0164-47b0-9fc6-47566784f0a1\">Descarga<\/a><\/div>\n","protected":false},"excerpt":{"rendered":"<p>Tras las \u00faltimas ampliaciones de presupuesto del Moves III, el presupuesto total del programa asciende actualmente a 693M\/\u20ac. Desde Fecavem, queremos poner de manifiesto que la dotaci\u00f3n de las ayudas a la compra de veh\u00edculos s\u00f3lo queda un 2% de dotaci\u00f3n y el de infraestructuras de recarga, un 7%. Y, por su parte, las resoluciones [&#8230;]<\/p>\n","protected":false},"author":2,"featured_media":9794,"comment_status":"closed","ping_status":"closed","sticky":false,"template":"","format":"standard","meta":{"footnotes":"","_links_to":"","_links_to_target":""},"categories":[101,76],"tags":[],"class_list":["post-9795","post","type-post","status-publish","format-standard","has-post-thumbnail","hentry","category-administracion","category-sin-categorizar"],"_links":{"self":[{"href":"https:\/\/fecavem.com\/es\/wp-json\/wp\/v2\/posts\/9795","targetHints":{"allow":["GET"]}}],"collection":[{"href":"https:\/\/fecavem.com\/es\/wp-json\/wp\/v2\/posts"}],"about":[{"href":"https:\/\/fecavem.com\/es\/wp-json\/wp\/v2\/types\/post"}],"author":[{"embeddable":true,"href":"https:\/\/fecavem.com\/es\/wp-json\/wp\/v2\/users\/2"}],"replies":[{"embeddable":true,"href":"https:\/\/fecavem.com\/es\/wp-json\/wp\/v2\/comments?post=9795"}],"version-history":[{"count":2,"href":"https:\/\/fecavem.com\/es\/wp-json\/wp\/v2\/posts\/9795\/revisions"}],"predecessor-version":[{"id":9798,"href":"https:\/\/fecavem.com\/es\/wp-json\/wp\/v2\/posts\/9795\/revisions\/9798"}],"wp:featuredmedia":[{"embeddable":true,"href":"https:\/\/fecavem.com\/es\/wp-json\/wp\/v2\/media\/9794"}],"wp:attachment":[{"href":"https:\/\/fecavem.com\/es\/wp-json\/wp\/v2\/media?parent=9795"}],"wp:term":[{"taxonomy":"category","embeddable":true,"href":"https:\/\/fecavem.com\/es\/wp-json\/wp\/v2\/categories?post=9795"},{"taxonomy":"post_tag","embeddable":true,"href":"https:\/\/fecavem.com\/es\/wp-json\/wp\/v2\/tags?post=9795"}],"curies":[{"name":"wp","href":"https:\/\/api.w.org\/{rel}","templated":true}]}}