{"id":9939,"date":"2023-02-28T06:30:38","date_gmt":"2023-02-28T06:30:38","guid":{"rendered":"https:\/\/fecavem.com\/gremi-motor-collabora-motoh-barcelona\/"},"modified":"2023-03-01T08:07:13","modified_gmt":"2023-03-01T08:07:13","slug":"gremi-motor-colabora-motoh-barcelona","status":"publish","type":"post","link":"https:\/\/fecavem.com\/es\/gremi-motor-colabora-motoh-barcelona\/","title":{"rendered":"El Gremi del Motor colabora con MOTOh! Barcelona"},"content":{"rendered":"\n<p>Del pr\u00f3ximo 11 al 14 de mayo se celebra en el recinto Montju\u00efc de Barcelona, \u200b\u200ben Fira Barcelona, \u200b\u200buna nueva edici\u00f3n del Sal\u00f3n de la Moto, un evento de referencia, en un ambiente 100% moto y abierto a nuevos p\u00fablicos, ahora bajo el sello de MOTOh!<\/p>\n\n\n\n<figure class=\"wp-block-image size-large\"><img loading=\"lazy\" decoding=\"async\" width=\"1024\" height=\"768\" src=\"https:\/\/fecavem.com\/wp-content\/uploads\/2023\/02\/IMG_9228-1024x768.jpg\" alt=\"\" class=\"wp-image-9936\" srcset=\"https:\/\/fecavem.com\/wp-content\/uploads\/2023\/02\/IMG_9228-1024x768.jpg 1024w, https:\/\/fecavem.com\/wp-content\/uploads\/2023\/02\/IMG_9228-300x225.jpg 300w, https:\/\/fecavem.com\/wp-content\/uploads\/2023\/02\/IMG_9228-768x576.jpg 768w, https:\/\/fecavem.com\/wp-content\/uploads\/2023\/02\/IMG_9228-1536x1152.jpg 1536w, https:\/\/fecavem.com\/wp-content\/uploads\/2023\/02\/IMG_9228-750x563.jpg 750w, https:\/\/fecavem.com\/wp-content\/uploads\/2023\/02\/IMG_9228-1140x855.jpg 1140w, https:\/\/fecavem.com\/wp-content\/uploads\/2023\/02\/IMG_9228.jpg 2016w\" sizes=\"auto, (max-width: 1024px) 100vw, 1024px\" \/><\/figure>\n\n\n\n<p><\/p>\n\n\n\n<p>En la b\u00fasqueda de expositores, el Gremio del Motor y la Movilidad colabora con Fira de Barcelona porque en esta edici\u00f3n es m\u00e1s necesario -ahora m\u00e1s que nunca en este a\u00f1o electoral a nivel municipal y de generales-, que la motocicleta sea protagonista en nuestra ciudad.<\/p>\n\n\n\n<figure class=\"wp-block-image size-large\"><img loading=\"lazy\" decoding=\"async\" width=\"1024\" height=\"768\" src=\"https:\/\/fecavem.com\/wp-content\/uploads\/2023\/02\/IMG_9226-1024x768.jpg\" alt=\"\" class=\"wp-image-9934\" srcset=\"https:\/\/fecavem.com\/wp-content\/uploads\/2023\/02\/IMG_9226-1024x768.jpg 1024w, https:\/\/fecavem.com\/wp-content\/uploads\/2023\/02\/IMG_9226-300x225.jpg 300w, https:\/\/fecavem.com\/wp-content\/uploads\/2023\/02\/IMG_9226-768x576.jpg 768w, https:\/\/fecavem.com\/wp-content\/uploads\/2023\/02\/IMG_9226-1536x1152.jpg 1536w, https:\/\/fecavem.com\/wp-content\/uploads\/2023\/02\/IMG_9226-750x563.jpg 750w, https:\/\/fecavem.com\/wp-content\/uploads\/2023\/02\/IMG_9226-1140x855.jpg 1140w, https:\/\/fecavem.com\/wp-content\/uploads\/2023\/02\/IMG_9226.jpg 2016w\" sizes=\"auto, (max-width: 1024px) 100vw, 1024px\" \/><\/figure>\n\n\n\n<p>Si est\u00e1s interesado en Motoh! Barcelona, \u200b\u200bahora es el momento de tomar decisiones y ser protagonista en la gran fiesta de la moto, que desde el sector reivindicamos. En la \u00faltima Junta del Gremio del Motor y la Movilidad, pudimos conocer de cerca las propuestas de este sal\u00f3n y sus organizadores, de la mano de Jordi Bracons.<\/p>\n\n\n\n<p><a href=\"https:\/\/www.motohbarcelona.com\/ca\/\" rel=\"noopener\">https:\/\/www.motohbarcelona.com\/ca\/<\/a><\/p>\n","protected":false},"excerpt":{"rendered":"<p>Del pr\u00f3ximo 11 al 14 de mayo se celebra en el recinto Montju\u00efc de Barcelona, \u200b\u200ben Fira Barcelona, \u200b\u200buna nueva edici\u00f3n del Sal\u00f3n de la Moto, un evento de referencia, en un ambiente 100% moto y abierto a nuevos p\u00fablicos, ahora bajo el sello de MOTOh! En la b\u00fasqueda de expositores, el Gremio del Motor [&#8230;]<\/p>\n","protected":false},"author":2,"featured_media":9932,"comment_status":"closed","ping_status":"closed","sticky":false,"template":"","format":"standard","meta":{"footnotes":"","_links_to":"","_links_to_target":""},"categories":[105],"tags":[],"class_list":["post-9939","post","type-post","status-publish","format-standard","has-post-thumbnail","hentry","category-motor-es"],"_links":{"self":[{"href":"https:\/\/fecavem.com\/es\/wp-json\/wp\/v2\/posts\/9939","targetHints":{"allow":["GET"]}}],"collection":[{"href":"https:\/\/fecavem.com\/es\/wp-json\/wp\/v2\/posts"}],"about":[{"href":"https:\/\/fecavem.com\/es\/wp-json\/wp\/v2\/types\/post"}],"author":[{"embeddable":true,"href":"https:\/\/fecavem.com\/es\/wp-json\/wp\/v2\/users\/2"}],"replies":[{"embeddable":true,"href":"https:\/\/fecavem.com\/es\/wp-json\/wp\/v2\/comments?post=9939"}],"version-history":[{"count":4,"href":"https:\/\/fecavem.com\/es\/wp-json\/wp\/v2\/posts\/9939\/revisions"}],"predecessor-version":[{"id":9967,"href":"https:\/\/fecavem.com\/es\/wp-json\/wp\/v2\/posts\/9939\/revisions\/9967"}],"wp:featuredmedia":[{"embeddable":true,"href":"https:\/\/fecavem.com\/es\/wp-json\/wp\/v2\/media\/9932"}],"wp:attachment":[{"href":"https:\/\/fecavem.com\/es\/wp-json\/wp\/v2\/media?parent=9939"}],"wp:term":[{"taxonomy":"category","embeddable":true,"href":"https:\/\/fecavem.com\/es\/wp-json\/wp\/v2\/categories?post=9939"},{"taxonomy":"post_tag","embeddable":true,"href":"https:\/\/fecavem.com\/es\/wp-json\/wp\/v2\/tags?post=9939"}],"curies":[{"name":"wp","href":"https:\/\/api.w.org\/{rel}","templated":true}]}}